{"id":16191,"date":"2026-04-27T14:17:31","date_gmt":"2026-04-27T14:17:31","guid":{"rendered":"https:\/\/www.newsrecorder.ro\/app\/2026\/04\/27\/politist-german-condamnat-la-o-vizita-socanta-la-auschwitz\/"},"modified":"2026-04-27T14:17:31","modified_gmt":"2026-04-27T14:17:31","slug":"politist-german-condamnat-la-o-vizita-socanta-la-auschwitz","status":"publish","type":"post","link":"https:\/\/www.newsrecorder.ro\/app\/2026\/04\/27\/politist-german-condamnat-la-o-vizita-socanta-la-auschwitz\/","title":{"rendered":"Poli\u021bist german condamnat la o vizit\u0103 \u0219ocant\u0103 la Auschwitz!"},"content":{"rendered":"<p class=\"p1\"><strong><a style=\"color: #0000ff\" href=\"https:\/\/www.bild.de\/regional\/sachsen\/sachsen-richter-verurteilt-polizist-zu-auschwitz-besuch-69e358a7064e04c985e97f32\">Un tribunal din ora\u0219ul Wei\u00dfwasser, Saxonia<\/a><\/strong> a decis s\u0103 impun\u0103 un poli\u021bist s\u0103 efectueze o vizit\u0103 la memorialul Auschwitz-Birkenau. Aceast\u0103 m\u0103sur\u0103 a fost luat\u0103 dup\u0103 ce poli\u021bistul a distribuit pe platformele WhatsApp \u0219i Instagram sloganul nazist \u201e<strong><a style=\"color: #0000ff\" href=\"https:\/\/www.mediafax.ro\/stirile-zilei\/merz-iranienii-sunt-in-mod-clar-mai-puternici-decat-s-a-crezut-sua-au-fost-umilite-nu-au-o-strategie-23727268\">Totul pentru Germania<\/a><\/strong>\u201d.<\/p>\n<p class=\"p1\">Judec\u0103torul a emis un avertisment clar, stipul\u00e2nd c\u0103, \u00een cazul \u00een care poli\u021bistul nu va respecta cerin\u021ba de a vizita memorialul, va fi obligat s\u0103 pl\u0103teasc\u0103 o amend\u0103 de 4200 de euro.<\/p>\n<p class=\"p1\">Conform documenta\u021biei cazului, ini\u021bial, acuzatul a postat imaginea cu acest slogan pe WhatsApp, iar ulterior a repetat mesajul \u00eentr-un comentariu pe Instagram.<\/p>\n<p class=\"p1\">\u00cen fa\u021ba instan\u021bei, poli\u021bistul a declarat c\u0103 nu se consider\u0103 un sus\u021bin\u0103tor al extremismului de dreapta \u0219i a contestat chiar legalitatea formul\u0103rii folosite. Pe de alt\u0103 parte, procuratura a subliniat c\u0103 o astfel de atitudine din partea unui ofi\u021ber de poli\u021bie este inacceptabil\u0103, av\u00e2nd \u00een vedere natura \u201esimbolurilor evident interzise\u201d.<\/p>\n<p class=\"p1\">Judec\u0103torul a subliniat c\u0103 o vizit\u0103 la Auschwitz ar putea oferi acuzatului o lec\u021bie mai valoroas\u0103 dec\u00e2t o simpl\u0103 sanc\u021biune. Astfel, acesta a fost obligat s\u0103 se \u00eenregistreze pentru a vizita memorialul \u0219i s\u0103 participe la un tur al fostului lag\u0103r \u00een termen de un an.<\/p>\n","protected":false},"excerpt":{"rendered":"<p>Un tribunal din ora\u0219ul Wei\u00dfwasser, Saxonia a decis s\u0103 impun\u0103 un poli\u021bist s\u0103 efectueze o vizit\u0103 la memorialul Auschwitz-Birkenau. Aceast\u0103 m\u0103sur\u0103 a fost luat\u0103 dup\u0103 ce poli\u021bistul a distribuit pe platformele WhatsApp \u0219i Instagram sloganul nazist \u201eTotul pentru Germania\u201d. Judec\u0103torul a emis un avertisment clar, stipul\u00e2nd c\u0103, \u00een cazul \u00een care poli\u021bistul nu va respecta [&hellip;]<\/p>\n","protected":false},"author":2,"featured_media":16192,"comment_status":"open","ping_status":"open","sticky":false,"template":"","format":"standard","meta":{"jnews-multi-image_gallery":[],"jnews_single_post":[],"jnews_primary_category":[],"jnews_override_counter":[],"footnotes":""},"categories":[41],"tags":[2307,18520,18521,16954,4723,18519,18522,2497],"class_list":["post-16191","post","type-post","status-publish","format-standard","has-post-thumbnail","hentry","category-externe","tag-amenda","tag-auschwitz-birkenau","tag-extremism-de-dreapta","tag-memorial","tag-nazism","tag-politist","tag-simboluri-interzise","tag-tribunal"],"_links":{"self":[{"href":"https:\/\/www.newsrecorder.ro\/app\/wp-json\/wp\/v2\/posts\/16191","targetHints":{"allow":["GET"]}}],"collection":[{"href":"https:\/\/www.newsrecorder.ro\/app\/wp-json\/wp\/v2\/posts"}],"about":[{"href":"https:\/\/www.newsrecorder.ro\/app\/wp-json\/wp\/v2\/types\/post"}],"author":[{"embeddable":true,"href":"https:\/\/www.newsrecorder.ro\/app\/wp-json\/wp\/v2\/users\/2"}],"replies":[{"embeddable":true,"href":"https:\/\/www.newsrecorder.ro\/app\/wp-json\/wp\/v2\/comments?post=16191"}],"version-history":[{"count":0,"href":"https:\/\/www.newsrecorder.ro\/app\/wp-json\/wp\/v2\/posts\/16191\/revisions"}],"wp:featuredmedia":[{"embeddable":true,"href":"https:\/\/www.newsrecorder.ro\/app\/wp-json\/wp\/v2\/media\/16192"}],"wp:attachment":[{"href":"https:\/\/www.newsrecorder.ro\/app\/wp-json\/wp\/v2\/media?parent=16191"}],"wp:term":[{"taxonomy":"category","embeddable":true,"href":"https:\/\/www.newsrecorder.ro\/app\/wp-json\/wp\/v2\/categories?post=16191"},{"taxonomy":"post_tag","embeddable":true,"href":"https:\/\/www.newsrecorder.ro\/app\/wp-json\/wp\/v2\/tags?post=16191"}],"curies":[{"name":"wp","href":"https:\/\/api.w.org\/{rel}","templated":true}]}}