{"id":16229,"date":"2026-04-27T17:19:19","date_gmt":"2026-04-27T17:19:19","guid":{"rendered":"https:\/\/www.newsrecorder.ro\/app\/2026\/04\/27\/ciprian-serban-tarom-ramane-deschis-nu-se-va-inchide\/"},"modified":"2026-04-27T17:19:19","modified_gmt":"2026-04-27T17:19:19","slug":"ciprian-serban-tarom-ramane-deschis-nu-se-va-inchide","status":"publish","type":"post","link":"https:\/\/www.newsrecorder.ro\/app\/2026\/04\/27\/ciprian-serban-tarom-ramane-deschis-nu-se-va-inchide\/","title":{"rendered":"Ciprian \u0218erban: TAROM r\u0103m\u00e2ne deschis, nu se va \u00eenchide!"},"content":{"rendered":"<p><em>Ciprian \u0218erban, recent, a exprimat \u00eencrederea \u00een planul de restructurare al TAROM, afirm\u00e2nd: \u201eDirectorul de acolo are un plan foarte bun, din punctul meu de vedere. Avem o \u00een\u021belegere \u0219i cu Comisia. Am acordat un ajutor de stat de 65 de milioane anul trecut \u0219i mai avem \u00eenc\u0103 65 de milioane \u00een buget pentru acest an. Mi se pare potrivit. Atunci c\u00e2nd ai ceva ce func\u021bioneaz\u0103 \u00een \u021bara ta, trebuie s\u0103 g\u0103se\u0219ti modalit\u0103\u021bi de a valorifica acest lucru.\u201d<\/em><\/p>\n<p>\u00cen ceea ce prive\u0219te viitorul companiei, \u0218erban a fost \u00eentrebat dac\u0103 TAROM se va \u00eenchide, r\u0103spunz\u00e2nd cu optimism: <em>\u201eDa\u021bi-mi voie s\u0103 cred c\u0103 nu se va \u00eent\u00e2mpla acest lucru.\u201d<\/em><\/p>\n<p>La jum\u0103tatea lunii aprilie, Vicepremierul Oana Gheorghiu a declarat c\u0103 TAROM a generat pierderi timp de mai bine de 10 ani. Aceasta a subliniat c\u0103 Guvernul va lua o decizie cu privire la soarta companiei, \u00een cazul \u00een care planul de restructurare nu va fi prelungit de <a href=\"https:\/\/www.mediafax.ro\/stirile-zilei\/oana-gheorghiu-tarom-pierde-bani-de-10-ani-compania-a-avut-profit-in-2024-dar-nu-provenea-din-activitatea-operationala-23721069\" target=\"_blank\" rel=\"noopener\"><strong>Comisia European\u0103<\/strong><\/a>, ceea ce ar putea determina compania s\u0103 \u00ee\u0219i reg\u00e2ndeasc\u0103 \u00eentreaga strategie.<\/p>\n<p>Aceste declara\u021bii ale Oanei Gheorghiu au st\u00e2rnit reac\u021bii vehemente din partea liderilor de sindicat din cadrul TAROM. Narcis Pascu, liderul Sindicatului Unit TAROM, a acuzat c\u0103 afirma\u021biile vicepremierului au dus la pierderi semnificative pentru companie, deoarece mul\u021bi pasageri \u0219i-au anulat biletele de c\u0103l\u0103torie ca urmare a declara\u021biilor publice.<\/p>\n","protected":false},"excerpt":{"rendered":"<p>Ciprian \u0218erban, recent, a exprimat \u00eencrederea \u00een planul de restructurare al TAROM, afirm\u00e2nd: \u201eDirectorul de acolo are un plan foarte bun, din punctul meu de vedere. Avem o \u00een\u021belegere \u0219i cu Comisia. Am acordat un ajutor de stat de 65 de milioane anul trecut \u0219i mai avem \u00eenc\u0103 65 de milioane \u00een buget pentru acest [&hellip;]<\/p>\n","protected":false},"author":4,"featured_media":16230,"comment_status":"open","ping_status":"open","sticky":false,"template":"","format":"standard","meta":{"jnews-multi-image_gallery":[],"jnews_single_post":[],"jnews_primary_category":[],"jnews_override_counter":[],"footnotes":""},"categories":[40],"tags":[5523,4461,499,301,6386,4976,5419,17191],"class_list":["post-16229","post","type-post","status-publish","format-standard","has-post-thumbnail","hentry","category-econonie","tag-ajutor-de-stat","tag-ciprian-serban","tag-comisia-europeana","tag-guvern","tag-pierderi","tag-restructurare","tag-tarom","tag-viitor"],"_links":{"self":[{"href":"https:\/\/www.newsrecorder.ro\/app\/wp-json\/wp\/v2\/posts\/16229","targetHints":{"allow":["GET"]}}],"collection":[{"href":"https:\/\/www.newsrecorder.ro\/app\/wp-json\/wp\/v2\/posts"}],"about":[{"href":"https:\/\/www.newsrecorder.ro\/app\/wp-json\/wp\/v2\/types\/post"}],"author":[{"embeddable":true,"href":"https:\/\/www.newsrecorder.ro\/app\/wp-json\/wp\/v2\/users\/4"}],"replies":[{"embeddable":true,"href":"https:\/\/www.newsrecorder.ro\/app\/wp-json\/wp\/v2\/comments?post=16229"}],"version-history":[{"count":0,"href":"https:\/\/www.newsrecorder.ro\/app\/wp-json\/wp\/v2\/posts\/16229\/revisions"}],"wp:featuredmedia":[{"embeddable":true,"href":"https:\/\/www.newsrecorder.ro\/app\/wp-json\/wp\/v2\/media\/16230"}],"wp:attachment":[{"href":"https:\/\/www.newsrecorder.ro\/app\/wp-json\/wp\/v2\/media?parent=16229"}],"wp:term":[{"taxonomy":"category","embeddable":true,"href":"https:\/\/www.newsrecorder.ro\/app\/wp-json\/wp\/v2\/categories?post=16229"},{"taxonomy":"post_tag","embeddable":true,"href":"https:\/\/www.newsrecorder.ro\/app\/wp-json\/wp\/v2\/tags?post=16229"}],"curies":[{"name":"wp","href":"https:\/\/api.w.org\/{rel}","templated":true}]}}