{"id":16233,"date":"2026-04-27T18:24:44","date_gmt":"2026-04-27T18:24:44","guid":{"rendered":"https:\/\/www.newsrecorder.ro\/app\/2026\/04\/27\/italia-in-criza-ministrul-culturii-boicoteaza-bienala-de-arta\/"},"modified":"2026-04-27T18:24:44","modified_gmt":"2026-04-27T18:24:44","slug":"italia-in-criza-ministrul-culturii-boicoteaza-bienala-de-arta","status":"publish","type":"post","link":"https:\/\/www.newsrecorder.ro\/app\/2026\/04\/27\/italia-in-criza-ministrul-culturii-boicoteaza-bienala-de-arta\/","title":{"rendered":"Italia \u00een criz\u0103: Ministrul Culturii boicoteaz\u0103 Bienala de Art\u0103!"},"content":{"rendered":"<p>Ministerul Culturii din Italia a anun\u021bat c\u0103 Alessandro Giuli nu va participa la niciunul dintre evenimentele premerg\u0103toare, precum \u0219i la ceremonia oficial\u0103 programat\u0103 pentru 9 mai. Aceast\u0103 decizie vine pe fondul revenirii Rusiei la Bienala de Art\u0103 de la Vene\u021bia, dup\u0103 o absen\u021b\u0103 din 2022, anul \u00een care a \u00eenceput invazia Ucrainei, conform informa\u021biilor furnizate de <a href=\"https:\/\/www.euronews.com\/culture\/2026\/04\/27\/italian-culture-minister-shuns-opening-of-venice-biennale-due-to-russia-pavilion\" target=\"_blank\" rel=\"noopener\">Euronews<\/a>.<\/p>\n<p>Pavilionul Rusiei, un punct de controvers\u0103<\/p>\n<p>Revenirea Rusiei la Bienala de la Vene\u021bia a fost aprobat\u0103 de conducerea evenimentului, sub coordonarea pre\u0219edintelui Pietrangelo Buttafuoco. Aceast\u0103 decizie a st\u00e2rnit critici din partea autorit\u0103\u021bilor italiene, a institu\u021biilor europene \u0219i a mai multor state membre ale Uniunii Europene. De\u0219i pavilionul Rusiei va fi prezent, acesta va r\u0103m\u00e2ne \u00eenchis pentru public pe \u00eentreaga durat\u0103 a expozi\u021biei, fiind accesibil doar presei \u00eentre 6 \u0219i 8 mai. Aceast\u0103 situa\u021bie a generat diviziuni \u00een interiorul guvernului italian. Ministrul Infrastructurii, Matteo Salvini, a sus\u021binut participarea Rusiei, argument\u00e2nd c\u0103 arta ar trebui s\u0103 uneasc\u0103 oamenii, nu s\u0103 exclud\u0103. Pe de alt\u0103 parte, ministrul Culturii a criticat modul \u00een care a fost gestionat\u0103 aceast\u0103 decizie, solicit\u00e2nd demisia unui reprezentant al ministerului din conducerea Bienalei.<\/p>\n<p>Reac\u021bii la nivel european<\/p>\n<p>Comisia European\u0103 a condamnat vehement decizia de a permite revenirea Rusiei \u0219i a avertizat c\u0103 ar putea suspenda finan\u021barea de aproximativ dou\u0103 milioane de euro alocat\u0103 acestui eveniment. Mai multe state membre au cerut oficial revizuirea particip\u0103rii Rusiei, invoc\u00e2nd sanc\u021biunile impuse \u00een contextul r\u0103zboiului din Ucraina. \u00cen acela\u0219i timp, juriul Bienalei a anun\u021bat c\u0103 Rusia \u0219i Israel nu vor fi eligibile pentru premii, inclusiv Leul de Aur, din cauza <a href=\"https:\/\/www.mediafax.ro\/externe\/justitia-turca-emite-mandate-de-arestare-pentru-netanyahu-si-oficiali-israelieni-in-gaza-care-sunt-motivele-invocate-23638433\" target=\"_blank\" rel=\"noopener\">acuza\u021biilor de crime de r\u0103zboi<\/a> aduse de Curtea Penal\u0103 Interna\u021bional\u0103 \u00eempotriva liderilor celor dou\u0103 state, Vladimir Putin \u0219i Benjamin Netanyahu. Conducerea Bienalei a ap\u0103rat decizia, descriind institu\u021bia ca un \u201eONU al artei\u201d, unde nicio \u021bar\u0103 nu ar trebui exclus\u0103. Criticii, \u00eens\u0103, consider\u0103 c\u0103 evenimentul de la Vene\u021bia nu poate ignora contextul geopolitic \u0219i responsabilitatea moral\u0103 asociat\u0103 acestuia.<\/p>\n","protected":false},"excerpt":{"rendered":"<p>Ministerul Culturii din Italia a anun\u021bat c\u0103 Alessandro Giuli nu va participa la niciunul dintre evenimentele premerg\u0103toare, precum \u0219i la ceremonia oficial\u0103 programat\u0103 pentru 9 mai. Aceast\u0103 decizie vine pe fondul revenirii Rusiei la Bienala de Art\u0103 de la Vene\u021bia, dup\u0103 o absen\u021b\u0103 din 2022, anul \u00een care a \u00eenceput invazia Ucrainei, conform informa\u021biilor furnizate [&hellip;]<\/p>\n","protected":false},"author":7,"featured_media":16234,"comment_status":"open","ping_status":"open","sticky":false,"template":"","format":"standard","meta":{"jnews-multi-image_gallery":[],"jnews_single_post":[],"jnews_primary_category":[],"jnews_override_counter":[],"footnotes":""},"categories":[43],"tags":[18566,18565,697,18568,702,18567,681,321],"class_list":["post-16233","post","type-post","status-publish","format-standard","has-post-thumbnail","hentry","category-cultura","tag-alessandro-giuli","tag-bienala-de-arta","tag-critici","tag-invazia-ucrainii","tag-italia","tag-pavilionul-rusi","tag-rusia","tag-uniunea-europeana"],"_links":{"self":[{"href":"https:\/\/www.newsrecorder.ro\/app\/wp-json\/wp\/v2\/posts\/16233","targetHints":{"allow":["GET"]}}],"collection":[{"href":"https:\/\/www.newsrecorder.ro\/app\/wp-json\/wp\/v2\/posts"}],"about":[{"href":"https:\/\/www.newsrecorder.ro\/app\/wp-json\/wp\/v2\/types\/post"}],"author":[{"embeddable":true,"href":"https:\/\/www.newsrecorder.ro\/app\/wp-json\/wp\/v2\/users\/7"}],"replies":[{"embeddable":true,"href":"https:\/\/www.newsrecorder.ro\/app\/wp-json\/wp\/v2\/comments?post=16233"}],"version-history":[{"count":0,"href":"https:\/\/www.newsrecorder.ro\/app\/wp-json\/wp\/v2\/posts\/16233\/revisions"}],"wp:featuredmedia":[{"embeddable":true,"href":"https:\/\/www.newsrecorder.ro\/app\/wp-json\/wp\/v2\/media\/16234"}],"wp:attachment":[{"href":"https:\/\/www.newsrecorder.ro\/app\/wp-json\/wp\/v2\/media?parent=16233"}],"wp:term":[{"taxonomy":"category","embeddable":true,"href":"https:\/\/www.newsrecorder.ro\/app\/wp-json\/wp\/v2\/categories?post=16233"},{"taxonomy":"post_tag","embeddable":true,"href":"https:\/\/www.newsrecorder.ro\/app\/wp-json\/wp\/v2\/tags?post=16233"}],"curies":[{"name":"wp","href":"https:\/\/api.w.org\/{rel}","templated":true}]}}