{"id":16247,"date":"2026-04-27T18:27:56","date_gmt":"2026-04-27T18:27:56","guid":{"rendered":"https:\/\/www.newsrecorder.ro\/app\/2026\/04\/27\/fritz-psd-si-aur-ne-costa-26-miliarde-de-euro-un-mariaj-toxic\/"},"modified":"2026-04-27T18:27:56","modified_gmt":"2026-04-27T18:27:56","slug":"fritz-psd-si-aur-ne-costa-26-miliarde-de-euro-un-mariaj-toxic","status":"publish","type":"post","link":"https:\/\/www.newsrecorder.ro\/app\/2026\/04\/27\/fritz-psd-si-aur-ne-costa-26-miliarde-de-euro-un-mariaj-toxic\/","title":{"rendered":"Fritz: \u201ePSD \u0219i AUR ne cost\u0103 26 miliarde de euro \u2013 un mariaj toxic!\u201d"},"content":{"rendered":"<p class=\"font-claude-response-body break-words whitespace-normal leading-[1.7]\">Luni dup\u0103-amiaz\u0103, Dominic Fritz, pre\u0219edintele Uniunii Salva\u021bi Rom\u00e2nia (USR), a tras un semnal de alarm\u0103 cu privire la alian\u021ba dintre PSD \u0219i AUR, afirm\u00e2nd c\u0103 aceasta ar putea afecta grav accesul Rom\u00e2niei la fondurile europene PNRR \u0219i SAFE, totaliz\u00e2nd 26 de miliarde de euro.<\/p>\n<p><strong>\u201ePSD \u0219i AUR sunt \u00eentr-un mariaj\u201d<\/strong><\/p>\n<p class=\"font-claude-response-body break-words whitespace-normal leading-[1.7]\">\u00centrebat despre colaborarea dintre cele dou\u0103 forma\u021biuni, Fritz a caracterizat-o drept un \u201emariaj politic\u201d, subliniind c\u0103 aceast\u0103 dinamic\u0103 este observat\u0103 \u0219i de c\u0103tre partenerii externi ai Rom\u00e2niei. El a avertizat c\u0103 cre\u0219terea dob\u00e2nzilor va conduce la scumpirea creditelor, iar investitorii care genereaz\u0103 locuri de munc\u0103 ar putea s\u0103-\u0219i retrag\u0103 investi\u021biile.<\/p>\n<p><strong>Consecin\u021be economice severe<\/strong><\/p>\n<p class=\"font-claude-response-body break-words whitespace-normal leading-[1.7]\">Fritz a explicat c\u0103, \u00een urma acestei alian\u021be, Rom\u00e2nia risc\u0103 s\u0103 piard\u0103 peste 10 miliarde de euro din PNRR \u0219i 16 miliarde din SAFE, dintre care 4 miliarde sunt destinate construc\u021biei de autostr\u0103zi. \u201eAceste fonduri sunt esen\u021biale pentru economia Rom\u00e2niei \u0219i absen\u021ba lor ne va afecta grav\u201d, a declarat liderul USR.<\/p>\n<p><strong>Perspective politice: guvern minoritar sau alegeri anticipate<\/strong><\/p>\n<p class=\"font-claude-response-body break-words whitespace-normal leading-[1.7]\">Referitor la o eventual\u0103 opozi\u021bie din partea USR, Fritz a men\u021bionat c\u0103 este deschis la posibilitatea form\u0103rii unui guvern minoritar condus de Ilie Bolojan. De asemenea, a subliniat c\u0103 exist\u0103 parlamentari din PSD sau din grupuri neafiliate care nu doresc s\u0103 transfere povara financiar\u0103 asupra cet\u0103\u021benilor. Dac\u0103 PSD va continua pe aceast\u0103 cale, a ad\u0103ugat Fritz, alegerile anticipate r\u0103m\u00e2n o op\u021biune viabil\u0103.<\/p>\n<p><strong>\u201eNu exist\u0103 termen de compara\u021bie cu 2021\u201d<\/strong><\/p>\n<p class=\"font-claude-response-body break-words whitespace-normal leading-[1.7]\">\u00cen ceea ce prive\u0219te compara\u021bia cu mo\u021biunea din 2021, Fritz a negat categoric orice paralel\u0103, explic\u00e2nd c\u0103 guvernul condus de Florin C\u00ee\u021bu a fost demis printr-o mo\u021biune depus\u0103 de PSD, dup\u0103 ce C\u00ee\u021bu \u0219i Iohannis au decis s\u0103 exclud\u0103 USR de la guvernare. \u201eOricine face o astfel de compara\u021bie joac\u0103, de fapt, \u00een favoarea PSD \u0219i AUR\u201d, a concluzionat el.<\/p>\n","protected":false},"excerpt":{"rendered":"<p>Luni dup\u0103-amiaz\u0103, Dominic Fritz, pre\u0219edintele Uniunii Salva\u021bi Rom\u00e2nia (USR), a tras un semnal de alarm\u0103 cu privire la alian\u021ba dintre PSD \u0219i AUR, afirm\u00e2nd c\u0103 aceasta ar putea afecta grav accesul Rom\u00e2niei la fondurile europene PNRR \u0219i SAFE, totaliz\u00e2nd 26 de miliarde de euro. \u201ePSD \u0219i AUR sunt \u00eentr-un mariaj\u201d \u00centrebat despre colaborarea dintre cele [&hellip;]<\/p>\n","protected":false},"author":2,"featured_media":16248,"comment_status":"open","ping_status":"open","sticky":false,"template":"","format":"standard","meta":{"jnews-multi-image_gallery":[],"jnews_single_post":[],"jnews_primary_category":[],"jnews_override_counter":[],"footnotes":""},"categories":[42],"tags":[1916,3939,1766,420,1299,300,2397,7034],"class_list":["post-16247","post","type-post","status-publish","format-standard","has-post-thumbnail","hentry","category-politica","tag-aur","tag-dominic-fritz","tag-fonduri-europene","tag-investitii","tag-pnr","tag-psd","tag-safe","tag-uniunea-salvati-romania"],"_links":{"self":[{"href":"https:\/\/www.newsrecorder.ro\/app\/wp-json\/wp\/v2\/posts\/16247","targetHints":{"allow":["GET"]}}],"collection":[{"href":"https:\/\/www.newsrecorder.ro\/app\/wp-json\/wp\/v2\/posts"}],"about":[{"href":"https:\/\/www.newsrecorder.ro\/app\/wp-json\/wp\/v2\/types\/post"}],"author":[{"embeddable":true,"href":"https:\/\/www.newsrecorder.ro\/app\/wp-json\/wp\/v2\/users\/2"}],"replies":[{"embeddable":true,"href":"https:\/\/www.newsrecorder.ro\/app\/wp-json\/wp\/v2\/comments?post=16247"}],"version-history":[{"count":0,"href":"https:\/\/www.newsrecorder.ro\/app\/wp-json\/wp\/v2\/posts\/16247\/revisions"}],"wp:featuredmedia":[{"embeddable":true,"href":"https:\/\/www.newsrecorder.ro\/app\/wp-json\/wp\/v2\/media\/16248"}],"wp:attachment":[{"href":"https:\/\/www.newsrecorder.ro\/app\/wp-json\/wp\/v2\/media?parent=16247"}],"wp:term":[{"taxonomy":"category","embeddable":true,"href":"https:\/\/www.newsrecorder.ro\/app\/wp-json\/wp\/v2\/categories?post=16247"},{"taxonomy":"post_tag","embeddable":true,"href":"https:\/\/www.newsrecorder.ro\/app\/wp-json\/wp\/v2\/tags?post=16247"}],"curies":[{"name":"wp","href":"https:\/\/api.w.org\/{rel}","templated":true}]}}