{"id":16251,"date":"2026-04-27T18:28:20","date_gmt":"2026-04-27T18:28:20","guid":{"rendered":"https:\/\/www.newsrecorder.ro\/app\/2026\/04\/27\/ivan-lanseaza-un-apel-sustinerea-este-cruciala-pentru-motiunea-de-cenzura\/"},"modified":"2026-04-27T18:28:20","modified_gmt":"2026-04-27T18:28:20","slug":"ivan-lanseaza-un-apel-sustinerea-este-cruciala-pentru-motiunea-de-cenzura","status":"publish","type":"post","link":"https:\/\/www.newsrecorder.ro\/app\/2026\/04\/27\/ivan-lanseaza-un-apel-sustinerea-este-cruciala-pentru-motiunea-de-cenzura\/","title":{"rendered":"Ivan lanseaz\u0103 un apel: \u201eSus\u021binerea este crucial\u0103 pentru mo\u021biunea de cenzur\u0103!\u201d"},"content":{"rendered":"<p>Fostul ministru al Energiei a clarificat recent c\u0103 situa\u021bia actual\u0103 nu reprezint\u0103 o alian\u021b\u0103, ci mai degrab\u0103 o conjunctur\u0103 specific\u0103. \u201ePartidul Social-Democrat a decis, printr-un vot cov\u00e2r\u0219itor, cu 97,7% dintre colegii no\u0219tri din \u021bar\u0103, s\u0103 retrag\u0103 sprijinul acordat premierului Ilie Bolojann. Ne asum\u0103m acest proiect \u0219i suntem hot\u0103r\u00e2\u021bi s\u0103 mergem p\u00e2n\u0103 la cap\u0103t\u201d, a declarat acesta.<\/p>\n<p>Conform afirma\u021biilor lui Ivan, PSD a stabilit un termen pentru ca premierul s\u0103 se retrag\u0103 de bun\u0103 voie. \u201eAcest lucru nu s-a \u00eent\u00e2mplat, astfel c\u0103 am decis s\u0103 ini\u021biem o mo\u021biune de cenzur\u0103 \u00een Parlament. Este esen\u021bial s\u0103 avem sus\u021bin\u0103tori, a\u0219a c\u0103 orice sprijin este binevenit\u201d, a ad\u0103ugat el.<\/p>\n<p>\u00cen aceea\u0219i zi, Marian Neac\u0219u de la PSD \u0219i Petri\u0219or Peiu de la AUR au organizat o conferin\u021b\u0103 de pres\u0103 comun\u0103, \u00een care au anun\u021bat c\u0103 lucreaz\u0103 \u00eempreun\u0103 la redactarea unei mo\u021biuni de cenzur\u0103. Aceasta ar putea fi dezb\u0103tut\u0103 la \u00eenceputul lunii mai, av\u00e2nd ca scop demiterea guvernului Bolojan.<\/p>\n","protected":false},"excerpt":{"rendered":"<p>Fostul ministru al Energiei a clarificat recent c\u0103 situa\u021bia actual\u0103 nu reprezint\u0103 o alian\u021b\u0103, ci mai degrab\u0103 o conjunctur\u0103 specific\u0103. \u201ePartidul Social-Democrat a decis, printr-un vot cov\u00e2r\u0219itor, cu 97,7% dintre colegii no\u0219tri din \u021bar\u0103, s\u0103 retrag\u0103 sprijinul acordat premierului Ilie Bolojann. Ne asum\u0103m acest proiect \u0219i suntem hot\u0103r\u00e2\u021bi s\u0103 mergem p\u00e2n\u0103 la cap\u0103t\u201d, a declarat [&hellip;]<\/p>\n","protected":false},"author":2,"featured_media":16252,"comment_status":"open","ping_status":"open","sticky":false,"template":"","format":"standard","meta":{"jnews-multi-image_gallery":[],"jnews_single_post":[],"jnews_primary_category":[],"jnews_override_counter":[],"footnotes":""},"categories":[42],"tags":[4946,18577,18576,12212,444,1046,300,2586],"class_list":["post-16251","post","type-post","status-publish","format-standard","has-post-thumbnail","hentry","category-politica","tag-alianta","tag-conjunctura","tag-ilie-bolojann","tag-motiune-de-cenzura","tag-parlament","tag-premier","tag-psd","tag-sprijin"],"_links":{"self":[{"href":"https:\/\/www.newsrecorder.ro\/app\/wp-json\/wp\/v2\/posts\/16251","targetHints":{"allow":["GET"]}}],"collection":[{"href":"https:\/\/www.newsrecorder.ro\/app\/wp-json\/wp\/v2\/posts"}],"about":[{"href":"https:\/\/www.newsrecorder.ro\/app\/wp-json\/wp\/v2\/types\/post"}],"author":[{"embeddable":true,"href":"https:\/\/www.newsrecorder.ro\/app\/wp-json\/wp\/v2\/users\/2"}],"replies":[{"embeddable":true,"href":"https:\/\/www.newsrecorder.ro\/app\/wp-json\/wp\/v2\/comments?post=16251"}],"version-history":[{"count":0,"href":"https:\/\/www.newsrecorder.ro\/app\/wp-json\/wp\/v2\/posts\/16251\/revisions"}],"wp:featuredmedia":[{"embeddable":true,"href":"https:\/\/www.newsrecorder.ro\/app\/wp-json\/wp\/v2\/media\/16252"}],"wp:attachment":[{"href":"https:\/\/www.newsrecorder.ro\/app\/wp-json\/wp\/v2\/media?parent=16251"}],"wp:term":[{"taxonomy":"category","embeddable":true,"href":"https:\/\/www.newsrecorder.ro\/app\/wp-json\/wp\/v2\/categories?post=16251"},{"taxonomy":"post_tag","embeddable":true,"href":"https:\/\/www.newsrecorder.ro\/app\/wp-json\/wp\/v2\/tags?post=16251"}],"curies":[{"name":"wp","href":"https:\/\/api.w.org\/{rel}","templated":true}]}}