{"id":16259,"date":"2026-04-27T19:06:24","date_gmt":"2026-04-27T19:06:24","guid":{"rendered":"https:\/\/www.newsrecorder.ro\/app\/2026\/04\/27\/csm-bucuresti-esbjerg-meciul-decisiv-pentru-final-four-cum-il-urmaresti\/"},"modified":"2026-04-27T19:06:24","modified_gmt":"2026-04-27T19:06:24","slug":"csm-bucuresti-esbjerg-meciul-decisiv-pentru-final-four-cum-il-urmaresti","status":"publish","type":"post","link":"https:\/\/www.newsrecorder.ro\/app\/2026\/04\/27\/csm-bucuresti-esbjerg-meciul-decisiv-pentru-final-four-cum-il-urmaresti\/","title":{"rendered":"CSM Bucure\u0219ti \u2013 Esbjerg: Meciul decisiv pentru Final Four! Cum \u00eel urm\u0103re\u0219ti?"},"content":{"rendered":"<p>Duminic\u0103, la ora 17:00, CSM Bucure\u0219ti se preg\u0103te\u0219te s\u0103 dispute un meci crucial \u00een campionatul s\u0103u. Echipa, cunoscut\u0103 sub numele de \u201eTigroaicele\u201d, va primi vizita forma\u021biei Team Esbjerg \u00een man\u0219a retur a sferturilor de final\u0103 ale Ligii Campionilor, \u00eentr-o Sal\u0103 Polivalent\u0103 care se va umple p\u00e2n\u0103 la refuz, cu aproximativ 5.000 de suporteri a\u0219tept\u00e2ndu-se s\u0103 creeze o atmosfer\u0103 electrizant\u0103.<\/p>\n<p>Sub \u00eendrumarea antrenoarei Bojana Popovic, CSM Bucure\u0219ti trebuie s\u0103 recupereze un singur gol dup\u0103 \u00eenfr\u00e2ngerea suferit\u0103 \u00een tur, 25-26. Miza acestui meci este imens\u0103: calificarea \u00een Final Four-ul Ligii Campionilor, o performan\u021b\u0103 pe care echipa nu a realizat-o din 2018.<\/p>\n<p>Meciul CSM Bucure\u0219ti \u2013 Team Esbjerg va fi transmis \u00een direct pe Digi Sport 1 \u0219i Prima Sport 1, urm\u00e2nd ca, de la ora 19:00, s\u0103 fie difuzat \u0219i meciul Brest \u2013 Gloria Bistri\u021ba.<\/p>\n<p>\u00cen tab\u0103ra echipei bucure\u0219tene, atmosfera este una optimist\u0103, dar \u0219i de maxim\u0103 concentrare. Bojana Popovic a decis s\u0103 relaxeze atmosfera din vestiar \u00eenainte de aceast\u0103 confruntare decisiv\u0103, organiz\u00e2nd o ie\u0219ire la cinema pentru a \u00eent\u0103ri leg\u0103turile dintre juc\u0103toare.<\/p>\n<p>\u201eAm avut o s\u0103pt\u0103m\u00e2n\u0103 bun\u0103 \u0219i sper ca, dup\u0103 ultimele dou\u0103 antrenamente, toat\u0103 lumea s\u0103 fie s\u0103n\u0103toas\u0103. Atmosfera este bun\u0103, am avut antrenamente reu\u0219ite, iar ieri am fost \u00eempreun\u0103 la cinema pentru a viziona un film. Sper ca emo\u021biile de la primul meci \u0219i cele de la antrenamente s\u0103 ne ofere mai mult\u0103 \u00eencredere \u00een ceea ce ne dorim s\u0103 ob\u021binem\u201d, a declarat Bojana Popovic.<\/p>\n<p>Popovic subliniaz\u0103 importan\u021ba sprijinului publicului, pe care \u00eel consider\u0103 esen\u021bial pentru a \u00eentoarce rezultatul din Danemarca. \u201eNu punem presiune, fetele au fost relaxate la antrenament, le-am sim\u021bit motivate \u0219i abia a\u0219teapt\u0103 meciul. Cred cu t\u0103rie c\u0103 avem o \u0219ans\u0103 mare, am realizat din primul meci c\u0103 Esbjerg este o echip\u0103 bun\u0103, dar noi avem resurse \u0219i putem da mai mult. Cu o sal\u0103 plin\u0103 de aproximativ 5.000 de suporteri care vor fi ca al optulea juc\u0103tor pentru noi, cred c\u0103 avem puterea necesar\u0103 pentru a realiza ceea ce vis\u0103m cu to\u021bii de mul\u021bi ani, inclusiv eu\u201d, a ad\u0103ugat antrenoarea.<\/p>\n<p>Pentru pivotul Crina Pintea, meciul cu Esbjerg are o semnifica\u021bie special\u0103. Aceasta a subliniat c\u0103 echipa a\u0219teapt\u0103 de ani buni o astfel de oportunitate \u0219i c\u0103 avantajul minim al danezelor poate fi anulat prin ambi\u021bie, concentrare \u0219i sprijinul fanilor.<\/p>\n<p>\u201eM-am bucurat foarte mult s\u0103 aud c\u0103 toate biletele s-au v\u00e2ndut. Vreau s\u0103 le mul\u021bumesc tuturor celor care vin la sal\u0103. Cred c\u0103 acel gol valoreaz\u0103 enorm. Valoreaz\u0103 ani de munc\u0103, deoarece eu sunt la echip\u0103 de \u0219ase ani \u0219i \u00eemi doresc foarte mult s\u0103 ajungem \u00een Final Four. De asemenea, este important de men\u021bionat c\u0103 au trecut opt ani de c\u00e2nd echipa nu a mai fost \u00een aceast\u0103 faz\u0103\u201d, a spus Crina Pintea.<\/p>\n<p>Handbalista nu consider\u0103 confrunt\u0103rile cu Esbjerg ca fiind un \u201eco\u0219mar\u201d, \u00een ciuda dificult\u0103\u021bilor \u00eent\u00e2mpinate de CSM \u00een ultimele sezoane. \u201eAvem mult\u0103 ambi\u021bie \u0219i motiva\u021bie. Acum simt c\u0103 focul este foarte puternic. Nu a\u0219 numi Esbjerg un co\u0219mar. Cred c\u0103 nimic nu este \u00eent\u00e2mpl\u0103tor, iar \u00een to\u021bi ace\u0219ti ani am avut de \u00eenv\u0103\u021bat. Acum este momentul s\u0103 ar\u0103t\u0103m c\u0103 am \u00eenv\u0103\u021bat \u0219i c\u0103 vom ajunge acolo unde ne este locul\u201d, a mai ad\u0103ugat Pintea.<\/p>\n","protected":false},"excerpt":{"rendered":"<p>Duminic\u0103, la ora 17:00, CSM Bucure\u0219ti se preg\u0103te\u0219te s\u0103 dispute un meci crucial \u00een campionatul s\u0103u. Echipa, cunoscut\u0103 sub numele de \u201eTigroaicele\u201d, va primi vizita forma\u021biei Team Esbjerg \u00een man\u0219a retur a sferturilor de final\u0103 ale Ligii Campionilor, \u00eentr-o Sal\u0103 Polivalent\u0103 care se va umple p\u00e2n\u0103 la refuz, cu aproximativ 5.000 de suporteri a\u0219tept\u00e2ndu-se s\u0103 [&hellip;]<\/p>\n","protected":false},"author":6,"featured_media":16260,"comment_status":"open","ping_status":"open","sticky":false,"template":"","format":"standard","meta":{"jnews-multi-image_gallery":[],"jnews_single_post":[],"jnews_primary_category":[],"jnews_override_counter":[],"footnotes":""},"categories":[46],"tags":[3392,3391,6522,102,9821,963,18374,18585],"class_list":["post-16259","post","type-post","status-publish","format-standard","has-post-thumbnail","hentry","category-sport","tag-bojana-popovic","tag-csm-bucuresti","tag-final-four","tag-liga-campionilor","tag-meci-crucial","tag-sferturi-de-finala","tag-team-esbjerg","tag-tigroaicele"],"_links":{"self":[{"href":"https:\/\/www.newsrecorder.ro\/app\/wp-json\/wp\/v2\/posts\/16259","targetHints":{"allow":["GET"]}}],"collection":[{"href":"https:\/\/www.newsrecorder.ro\/app\/wp-json\/wp\/v2\/posts"}],"about":[{"href":"https:\/\/www.newsrecorder.ro\/app\/wp-json\/wp\/v2\/types\/post"}],"author":[{"embeddable":true,"href":"https:\/\/www.newsrecorder.ro\/app\/wp-json\/wp\/v2\/users\/6"}],"replies":[{"embeddable":true,"href":"https:\/\/www.newsrecorder.ro\/app\/wp-json\/wp\/v2\/comments?post=16259"}],"version-history":[{"count":0,"href":"https:\/\/www.newsrecorder.ro\/app\/wp-json\/wp\/v2\/posts\/16259\/revisions"}],"wp:featuredmedia":[{"embeddable":true,"href":"https:\/\/www.newsrecorder.ro\/app\/wp-json\/wp\/v2\/media\/16260"}],"wp:attachment":[{"href":"https:\/\/www.newsrecorder.ro\/app\/wp-json\/wp\/v2\/media?parent=16259"}],"wp:term":[{"taxonomy":"category","embeddable":true,"href":"https:\/\/www.newsrecorder.ro\/app\/wp-json\/wp\/v2\/categories?post=16259"},{"taxonomy":"post_tag","embeddable":true,"href":"https:\/\/www.newsrecorder.ro\/app\/wp-json\/wp\/v2\/tags?post=16259"}],"curies":[{"name":"wp","href":"https:\/\/api.w.org\/{rel}","templated":true}]}}