{"id":16271,"date":"2026-04-27T19:07:49","date_gmt":"2026-04-27T19:07:49","guid":{"rendered":"https:\/\/www.newsrecorder.ro\/app\/2026\/04\/27\/racire-si-anomalii-termice-ce-ne-pregateste-anm-pana-pe-18-mai\/"},"modified":"2026-04-27T19:07:49","modified_gmt":"2026-04-27T19:07:49","slug":"racire-si-anomalii-termice-ce-ne-pregateste-anm-pana-pe-18-mai","status":"publish","type":"post","link":"https:\/\/www.newsrecorder.ro\/app\/2026\/04\/27\/racire-si-anomalii-termice-ce-ne-pregateste-anm-pana-pe-18-mai\/","title":{"rendered":"R\u0103cire \u0219i anomalii termice: Ce ne preg\u0103te\u0219te ANM p\u00e2n\u0103 pe 18 mai?"},"content":{"rendered":"<p class=\"font-claude-response-body break-words whitespace-normal leading-[1.7]\">\u00cen perioada 20-27 aprilie, Rom\u00e2nia se va confrunta cu o r\u0103cire nea\u0219teptat\u0103 a vremii, cu temperaturi semnificativ mai sc\u0103zute dec\u00e2t cele normale pentru aceast\u0103 perioad\u0103, conform prognozelor emise de <a href=\"https:\/\/www.mediafax.ro\/meteo\/anm-vreme-rece-si-ploi-ce-temperaturi-sunt-asteptate-in-fiecare-regiune-23722918\">Administra\u021bia Na\u021bional\u0103 de Meteorologie (ANM)<\/a>. Aceast\u0103 schimbare dramatic\u0103 va afecta majoritatea regiunilor din \u021bar\u0103.<\/p>\n<p class=\"font-claude-response-body break-words whitespace-normal leading-[1.7]\">\u00cen ceea ce prive\u0219te precipita\u021biile, se preconizeaz\u0103 c\u0103 acestea vor fi deficitare \u00een regiunile vestice, sud-vestice \u0219i sud-estice. Totu\u0219i, \u00een celelalte p\u0103r\u021bi ale \u021b\u0103rii, cantit\u0103\u021bile de ap\u0103 vor r\u0103m\u00e2ne \u00een limite normale pentru aceast\u0103 perioad\u0103.<\/p>\n<p class=\"font-claude-response-body break-words whitespace-normal leading-[1.7]\">\u00centre 27 aprilie \u0219i 4 mai, regimul termic va continua s\u0103 fie sub normele climatologice, afect\u00e2nd \u00eentreaga \u021bar\u0103. Precipita\u021biile sunt estimate ca fiind insuficiente \u00een vest \u0219i nord-vest, \u00een timp ce \u00een sud-est s-ar putea \u00eenregistra valori u\u0219or excedentare. \u00cen restul teritoriului, precipita\u021biile se vor men\u021bine \u00een limitele normale.<\/p>\n<p class=\"font-claude-response-body break-words whitespace-normal leading-[1.7]\">\u00cen s\u0103pt\u0103m\u00e2na 4-11 mai, se preconizeaz\u0103 o u\u0219oar\u0103 revenire a temperaturilor. Valorile termice vor fi mai apropiate de cele normale pentru aceast\u0103 perioad\u0103, de\u0219i precipita\u021biile vor continua s\u0103 fie deficitare, \u00een special \u00een regiunile vestice \u0219i sud-vestice. \u00cen restul \u021b\u0103rii, cantit\u0103\u021bile de precipita\u021bii se vor situa \u00een jurul normelor climatologice.<\/p>\n<p class=\"font-claude-response-body break-words whitespace-normal leading-[1.7]\">\u00cen perioada 11-18 mai, vremea va aduce un regim termic apropiat de normal \u00een majoritatea regiunilor. De asemenea, precipita\u021biile vor fi, \u00een general, normale pentru acest interval \u00een cea mai mare parte a \u021b\u0103rii. Prognoza ANM sugereaz\u0103 o stabilizare treptat\u0103 a vremii \u00een compara\u021bie cu s\u0103pt\u0103m\u00e2nile anterioare, oferind astfel o speran\u021b\u0103 pentru fermieri \u0219i pentru cei care a\u0219teapt\u0103 vreme mai cald\u0103.<\/p>\n","protected":false},"excerpt":{"rendered":"<p>\u00cen perioada 20-27 aprilie, Rom\u00e2nia se va confrunta cu o r\u0103cire nea\u0219teptat\u0103 a vremii, cu temperaturi semnificativ mai sc\u0103zute dec\u00e2t cele normale pentru aceast\u0103 perioad\u0103, conform prognozelor emise de Administra\u021bia Na\u021bional\u0103 de Meteorologie (ANM). Aceast\u0103 schimbare dramatic\u0103 va afecta majoritatea regiunilor din \u021bar\u0103. \u00cen ceea ce prive\u0219te precipita\u021biile, se preconizeaz\u0103 c\u0103 acestea vor fi deficitare [&hellip;]<\/p>\n","protected":false},"author":5,"featured_media":16272,"comment_status":"open","ping_status":"open","sticky":false,"template":"","format":"standard","meta":{"jnews-multi-image_gallery":[],"jnews_single_post":[],"jnews_primary_category":[],"jnews_override_counter":[],"footnotes":""},"categories":[45],"tags":[1375,133,135,132,1155,149,126,125],"class_list":["post-16271","post","type-post","status-publish","format-standard","has-post-thumbnail","hentry","category-meteo","tag-aprilie","tag-meteorologie","tag-precipitatii","tag-prognoza","tag-racire","tag-romania","tag-temperaturi","tag-vreme"],"_links":{"self":[{"href":"https:\/\/www.newsrecorder.ro\/app\/wp-json\/wp\/v2\/posts\/16271","targetHints":{"allow":["GET"]}}],"collection":[{"href":"https:\/\/www.newsrecorder.ro\/app\/wp-json\/wp\/v2\/posts"}],"about":[{"href":"https:\/\/www.newsrecorder.ro\/app\/wp-json\/wp\/v2\/types\/post"}],"author":[{"embeddable":true,"href":"https:\/\/www.newsrecorder.ro\/app\/wp-json\/wp\/v2\/users\/5"}],"replies":[{"embeddable":true,"href":"https:\/\/www.newsrecorder.ro\/app\/wp-json\/wp\/v2\/comments?post=16271"}],"version-history":[{"count":0,"href":"https:\/\/www.newsrecorder.ro\/app\/wp-json\/wp\/v2\/posts\/16271\/revisions"}],"wp:featuredmedia":[{"embeddable":true,"href":"https:\/\/www.newsrecorder.ro\/app\/wp-json\/wp\/v2\/media\/16272"}],"wp:attachment":[{"href":"https:\/\/www.newsrecorder.ro\/app\/wp-json\/wp\/v2\/media?parent=16271"}],"wp:term":[{"taxonomy":"category","embeddable":true,"href":"https:\/\/www.newsrecorder.ro\/app\/wp-json\/wp\/v2\/categories?post=16271"},{"taxonomy":"post_tag","embeddable":true,"href":"https:\/\/www.newsrecorder.ro\/app\/wp-json\/wp\/v2\/tags?post=16271"}],"curies":[{"name":"wp","href":"https:\/\/api.w.org\/{rel}","templated":true}]}}