{"id":16273,"date":"2026-04-27T19:08:23","date_gmt":"2026-04-27T19:08:23","guid":{"rendered":"https:\/\/www.newsrecorder.ro\/app\/2026\/04\/27\/iarna-surpriza-in-aprilie-prognoza-anm-pentru-bucuresti\/"},"modified":"2026-04-27T19:08:23","modified_gmt":"2026-04-27T19:08:23","slug":"iarna-surpriza-in-aprilie-prognoza-anm-pentru-bucuresti","status":"publish","type":"post","link":"https:\/\/www.newsrecorder.ro\/app\/2026\/04\/27\/iarna-surpriza-in-aprilie-prognoza-anm-pentru-bucuresti\/","title":{"rendered":"Iarn\u0103 surpriz\u0103 \u00een aprilie: Prognoza ANM pentru Bucure\u0219ti!"},"content":{"rendered":"<p class=\"font-claude-response-body break-words whitespace-normal leading-[1.7]\">\u00cen dup\u0103-amiaza zilei de luni, cerul capitalei, Bucure\u0219ti, va \u00eencepe s\u0103 se acopere treptat. Seara, se preconizeaz\u0103 <a href=\"https:\/\/www.mediafax.ro\/meteo\/ploi-ninsori-la-munte-si-vant-puternic-anm-anunta-trei-zile-de-vreme-rea-in-romania-23722786\">ploi slabe \u0219i trec\u0103toare<\/a>. V\u00e2ntul va mai intensifica, ating\u00e2nd rafale de 40\u201350 km\/h, iar temperaturile maxime vor varia \u00eentre 21 \u0219i 23 de grade, cu minime ce vor cobor\u00ee la 6\u20138 grade.<\/p>\n<p class=\"font-claude-response-body break-words whitespace-normal leading-[1.7]\">Mar\u021bi va aduce o schimbare semnificativ\u0103 \u00een vreme. Temperatura maxim\u0103 va sc\u0103dea brusc, ajung\u00e2nd la doar 14\u201315 grade, valori ce se situeaz\u0103 sub mediile multianuale pentru aceast\u0103 dat\u0103. Cerul va fi predominant noros, iar ploaia va fi temporar\u0103, cu acumul\u0103ri estimate \u00eentre 5 \u0219i 10 l\/mp. V\u00e2ntul va sufla moderat, cu viteze de 35\u201340 km\/h, iar minima nop\u021bii se va situa \u00eentre 4 \u0219i 5 grade.<\/p>\n<p class=\"font-claude-response-body break-words whitespace-normal leading-[1.7]\">Miercuri, vremea va continua s\u0103 fie rece, neobi\u0219nuit pentru ultima decad\u0103 a lunii aprilie. Maximile nu vor dep\u0103\u0219i 12\u201313 grade, iar cerul va fi \u00eennorat, cu posibile ploi slabe \u0219i sporadice pe parcursul zilei. Intensitatea v\u00e2ntului va sc\u0103dea, iar noaptea, temperatura minim\u0103 va cobor\u00ee \u00eentre 1 \u0219i 4 grade, exist\u00e2nd riscul de brum\u0103 \u00een anumite zone.<\/p>\n<p class=\"font-claude-response-body break-words whitespace-normal leading-[1.7]\">\u00cen plus, <a href=\"https:\/\/www.meteoromania.ro\/\" target=\"_blank\" rel=\"noopener\">ANM<\/a> a emis o informare meteorologic\u0103 pentru Bucure\u0219ti, ce se refer\u0103 la r\u0103cirea accentuat\u0103 \u0219i intensific\u0103rile v\u00e2ntului. Aceast\u0103 informare este valabil\u0103 \u00een perioada 20 aprilie, ora 10:00 \u2013 23 aprilie, ora 10:00.<\/p>\n","protected":false},"excerpt":{"rendered":"<p>\u00cen dup\u0103-amiaza zilei de luni, cerul capitalei, Bucure\u0219ti, va \u00eencepe s\u0103 se acopere treptat. Seara, se preconizeaz\u0103 ploi slabe \u0219i trec\u0103toare. V\u00e2ntul va mai intensifica, ating\u00e2nd rafale de 40\u201350 km\/h, iar temperaturile maxime vor varia \u00eentre 21 \u0219i 23 de grade, cu minime ce vor cobor\u00ee la 6\u20138 grade. Mar\u021bi va aduce o schimbare semnificativ\u0103 [&hellip;]<\/p>\n","protected":false},"author":5,"featured_media":16274,"comment_status":"open","ping_status":"open","sticky":false,"template":"","format":"standard","meta":{"jnews-multi-image_gallery":[],"jnews_single_post":[],"jnews_primary_category":[],"jnews_override_counter":[],"footnotes":""},"categories":[45],"tags":[1375,362,12471,132,15745,126,137,125],"class_list":["post-16273","post","type-post","status-publish","format-standard","has-post-thumbnail","hentry","category-meteo","tag-aprilie","tag-bucuresti","tag-ploi","tag-prognoza","tag-rece","tag-temperaturi","tag-vant","tag-vreme"],"_links":{"self":[{"href":"https:\/\/www.newsrecorder.ro\/app\/wp-json\/wp\/v2\/posts\/16273","targetHints":{"allow":["GET"]}}],"collection":[{"href":"https:\/\/www.newsrecorder.ro\/app\/wp-json\/wp\/v2\/posts"}],"about":[{"href":"https:\/\/www.newsrecorder.ro\/app\/wp-json\/wp\/v2\/types\/post"}],"author":[{"embeddable":true,"href":"https:\/\/www.newsrecorder.ro\/app\/wp-json\/wp\/v2\/users\/5"}],"replies":[{"embeddable":true,"href":"https:\/\/www.newsrecorder.ro\/app\/wp-json\/wp\/v2\/comments?post=16273"}],"version-history":[{"count":0,"href":"https:\/\/www.newsrecorder.ro\/app\/wp-json\/wp\/v2\/posts\/16273\/revisions"}],"wp:featuredmedia":[{"embeddable":true,"href":"https:\/\/www.newsrecorder.ro\/app\/wp-json\/wp\/v2\/media\/16274"}],"wp:attachment":[{"href":"https:\/\/www.newsrecorder.ro\/app\/wp-json\/wp\/v2\/media?parent=16273"}],"wp:term":[{"taxonomy":"category","embeddable":true,"href":"https:\/\/www.newsrecorder.ro\/app\/wp-json\/wp\/v2\/categories?post=16273"},{"taxonomy":"post_tag","embeddable":true,"href":"https:\/\/www.newsrecorder.ro\/app\/wp-json\/wp\/v2\/tags?post=16273"}],"curies":[{"name":"wp","href":"https:\/\/api.w.org\/{rel}","templated":true}]}}