{"id":16327,"date":"2026-04-27T22:39:25","date_gmt":"2026-04-27T22:39:25","guid":{"rendered":"https:\/\/www.newsrecorder.ro\/app\/2026\/04\/27\/aur-de-la-caderea-unui-guvern-la-atacul-asupra-lui-bolojan\/"},"modified":"2026-04-27T22:39:25","modified_gmt":"2026-04-27T22:39:25","slug":"aur-de-la-caderea-unui-guvern-la-atacul-asupra-lui-bolojan","status":"publish","type":"post","link":"https:\/\/www.newsrecorder.ro\/app\/2026\/04\/27\/aur-de-la-caderea-unui-guvern-la-atacul-asupra-lui-bolojan\/","title":{"rendered":"AUR: De la c\u0103derea unui guvern la atacul asupra lui Bolojan!"},"content":{"rendered":"<p>Radu Miru\u021b\u0103 a discutat recent la B1 TV despre controversele generate de mo\u021biunea de cenzur\u0103 pe care USR a depus-o \u00eempreun\u0103 cu AUR, av\u00e2nd ca scop r\u0103sturnarea Guvernului C\u00ee\u021bu. Aceasta vine ca o reac\u021bie la mo\u021biunea de cenzur\u0103 ini\u021biat\u0103 de PSD \u0219i AUR pentru a \u00eenl\u0103tura Guvernul Bolojan.<\/p>\n<p>Miru\u021b\u0103 a subliniat c\u0103 situa\u021biile sunt foarte diferite. \u201e\u00cen trecut, USR a avut parte de eliminarea a 2-3 mini\u0219tri, iar scandalurile se succedau rapid, asem\u0103n\u0103tor unui joc de v\u00e2n\u0103toare. \u00cen contrast, premierul Bolojan nu a demis niciun ministru din guvernul s\u0103u, iar fiecare decizie a fost luat\u0103 cu acordul PSD. Un alt aspect important este c\u0103, \u00een perioada \u00een care Guvernul C\u00ee\u021bu era la putere, AUR nu \u0219i-a ar\u0103tat adev\u0103rata fa\u021b\u0103, a\u0219a cum a f\u0103cut-o ulterior\u201d, a afirmat Miru\u021b\u0103.<\/p>\n<p>\u00cen continuare, c\u00e2nd a fost \u00eentrebat dac\u0103 AUR de atunci era mai acceptabil dec\u00e2t cel de acum, Miru\u021b\u0103 a clarificat c\u0103 nu era \u201emai frecventabil\u201d, dar a recunoscut c\u0103 \u201epe atunci nu era at\u00e2t de evident \u00een ac\u021biunile sale negative, nu avea o apropiere at\u00e2t de str\u00e2ns\u0103 fa\u021b\u0103 de Federa\u021bia Rus\u0103 \u0219i nu reprezenta o piedic\u0103 \u00een calea Rom\u00e2niei de a se integra mai bine \u00een Uniunea European\u0103 \u0219i \u00een rela\u021biile cu Statele Unite. De-a lungul timpului, AUR a provocat multe obstacole \u00een drumul Rom\u00e2niei spre Vest\u201d.<\/p>\n","protected":false},"excerpt":{"rendered":"<p>Radu Miru\u021b\u0103 a discutat recent la B1 TV despre controversele generate de mo\u021biunea de cenzur\u0103 pe care USR a depus-o \u00eempreun\u0103 cu AUR, av\u00e2nd ca scop r\u0103sturnarea Guvernului C\u00ee\u021bu. Aceasta vine ca o reac\u021bie la mo\u021biunea de cenzur\u0103 ini\u021biat\u0103 de PSD \u0219i AUR pentru a \u00eenl\u0103tura Guvernul Bolojan. Miru\u021b\u0103 a subliniat c\u0103 situa\u021biile sunt foarte [&hellip;]<\/p>\n","protected":false},"author":2,"featured_media":16328,"comment_status":"open","ping_status":"open","sticky":false,"template":"","format":"standard","meta":{"jnews-multi-image_gallery":[],"jnews_single_post":[],"jnews_primary_category":[],"jnews_override_counter":[],"footnotes":""},"categories":[39],"tags":[1916,234,2977,18624,12212,4107,4739,2823],"class_list":["post-16327","post","type-post","status-publish","format-standard","has-post-thumbnail","hentry","category-stirile-zilei","tag-aur","tag-controverse","tag-guvern-bolojan","tag-guvern-citu","tag-motiune-de-cenzura","tag-politica-romaneasca","tag-radu-miruta","tag-usr"],"_links":{"self":[{"href":"https:\/\/www.newsrecorder.ro\/app\/wp-json\/wp\/v2\/posts\/16327","targetHints":{"allow":["GET"]}}],"collection":[{"href":"https:\/\/www.newsrecorder.ro\/app\/wp-json\/wp\/v2\/posts"}],"about":[{"href":"https:\/\/www.newsrecorder.ro\/app\/wp-json\/wp\/v2\/types\/post"}],"author":[{"embeddable":true,"href":"https:\/\/www.newsrecorder.ro\/app\/wp-json\/wp\/v2\/users\/2"}],"replies":[{"embeddable":true,"href":"https:\/\/www.newsrecorder.ro\/app\/wp-json\/wp\/v2\/comments?post=16327"}],"version-history":[{"count":0,"href":"https:\/\/www.newsrecorder.ro\/app\/wp-json\/wp\/v2\/posts\/16327\/revisions"}],"wp:featuredmedia":[{"embeddable":true,"href":"https:\/\/www.newsrecorder.ro\/app\/wp-json\/wp\/v2\/media\/16328"}],"wp:attachment":[{"href":"https:\/\/www.newsrecorder.ro\/app\/wp-json\/wp\/v2\/media?parent=16327"}],"wp:term":[{"taxonomy":"category","embeddable":true,"href":"https:\/\/www.newsrecorder.ro\/app\/wp-json\/wp\/v2\/categories?post=16327"},{"taxonomy":"post_tag","embeddable":true,"href":"https:\/\/www.newsrecorder.ro\/app\/wp-json\/wp\/v2\/tags?post=16327"}],"curies":[{"name":"wp","href":"https:\/\/api.w.org\/{rel}","templated":true}]}}