{"id":16347,"date":"2026-04-28T02:38:47","date_gmt":"2026-04-28T02:38:47","guid":{"rendered":"https:\/\/www.newsrecorder.ro\/app\/2026\/04\/28\/nato-ia-in-calcul-renuntarea-la-summiturile-anuale-din-cauza-tensiunilor-cu-sua\/"},"modified":"2026-04-28T02:38:47","modified_gmt":"2026-04-28T02:38:47","slug":"nato-ia-in-calcul-renuntarea-la-summiturile-anuale-din-cauza-tensiunilor-cu-sua","status":"publish","type":"post","link":"https:\/\/www.newsrecorder.ro\/app\/2026\/04\/28\/nato-ia-in-calcul-renuntarea-la-summiturile-anuale-din-cauza-tensiunilor-cu-sua\/","title":{"rendered":"NATO ia \u00een calcul renun\u021barea la summiturile anuale din cauza tensiunilor cu SUA"},"content":{"rendered":"<p>NATO ia \u00een considerare \u00eencheierea tradi\u021biei organiz\u0103rii summiturilor anuale, conform unor surse care au vorbit cu Reuters. Aceast\u0103 decizie ar putea fi motivat\u0103 de dorin\u021ba de a evita o \u00eent\u00e2lnire tensionat\u0103 cu pre\u0219edintele american Donald Trump, \u00een ultimul s\u0103u an de mandat.<\/p>\n<p>Administra\u021bia Trump a fost cunoscut\u0103 pentru criticile sale acerbe la adresa celor 31 de membri ai alian\u021bei, pun\u00e2nd accent pe lipsa de sprijin pentru opera\u021biunile militare americane, \u00een special \u00een contextul conflictului cu Iranul.<\/p>\n<p>De-a lungul celor 77 de ani de existen\u021b\u0103, frecven\u021ba summiturilor NATO a variat, \u00eens\u0103 liderii au fost reuni\u021bi anual \u00eencep\u00e2nd din 2021. Anul acesta, summitul va avea loc pe 7 \u0219i 8 iulie \u00een Ankara, Turcia. Totu\u0219i, se pare c\u0103 unii membri ai alian\u021bei doresc s\u0103 reduc\u0103 ritmul acestor \u00eent\u00e2lniri, conform unui oficial european \u0219i altor cinci diploma\u021bi din \u021b\u0103rile NATO.<\/p>\n<p>Un diplomat a sugerat c\u0103 summitul programat pentru 2027 \u00een Albania ar putea fi mutat \u00een toamn\u0103, iar NATO ar putea s\u0103 nu organizeze un alt summit \u00een 2028, an crucial din punct de vedere electoral pentru Statele Unite. Alte voci din cadrul alian\u021bei propun ca summiturile s\u0103 aib\u0103 loc la intervale de doi ani, de\u0219i decizia final\u0103 va apar\u021bine secretarului general Mark Rutte.<\/p>\n<p>Un oficial NATO a declarat pentru Reuters c\u0103 organiza\u021bia va continua s\u0103 organizeze \u00eent\u00e2lniri regulate \u00eentre \u0219efii de stat \u0219i de guvern, asigur\u00e2ndu-se c\u0103 Alia\u021bii se consult\u0103 \u00een privin\u021ba securit\u0103\u021bii comune \u00eentre summituri. De\u0219i unele surse au men\u021bionat influen\u021ba lui Trump, altele subliniaz\u0103 considera\u021bii mai ample \u00een aceast\u0103 discu\u021bie.<\/p>\n<p>Diploma\u021bii \u0219i anali\u0219ti sugereaz\u0103 c\u0103 summiturile anuale pot genera presiune pentru rezultate vizibile, ceea ce poate distrage aten\u021bia de la strategii pe termen lung. Un diplomat a afirmat c\u0103 \u201emai bine s\u0103 avem mai pu\u021bine summituri dec\u00e2t \u00eent\u00e2lniri ineficiente\u201d, subliniind c\u0103 esen\u021ba puterii alian\u021bei const\u0103 \u00een calitatea discu\u021biilor \u0219i a deciziilor luate.<\/p>\n<p>Phyllis Berry, cercet\u0103tor senior nerezident la Atlantic Council, a men\u021bionat c\u0103 o reducere a summiturilor de mare profil ar putea ajuta NATO s\u0103 func\u021bioneze mai eficient \u0219i s\u0103 evite tensiunile care au caracterizat \u00eent\u00e2lnirile recente. Ea a eviden\u021biat c\u0103, \u00een timpul R\u0103zboiului Rece, NATO a organizat doar opt summituri \u0219i c\u0103 primele \u00eent\u00e2lniri ale lui Trump au fost dominate de pl\u00e2ngerile legate de cheltuielile reduse ale alia\u021bilor pentru ap\u0103rare.<\/p>\n<p>Summitul din 2022, desf\u0103\u0219urat la Haga, a fost influen\u021bat de cererile lui Trump de a cre\u0219te semnificativ cheltuielile pentru ap\u0103rare, o propunere care a dus la un acord de a aloca 3,5% din PIB pentru ap\u0103rarea de baz\u0103 \u0219i 1,5% pentru investi\u021bii mai ample \u00een securitate. Faptul c\u0103 \u00eent\u00e2lnirea s-a \u00eencheiat f\u0103r\u0103 scandaluri majore a fost considerat un succes.<\/p>\n<p>Cu toate acestea, summitul din acest an se anun\u021b\u0103 a fi tensionat. Dup\u0103 ce alia\u021bii NATO au refuzat s\u0103 sus\u021bin\u0103 ac\u021biunile lui Trump \u00een r\u0103zboiul din Iran, pre\u0219edintele a pus la \u00eendoial\u0103 angajamentul Statelor Unite fa\u021b\u0103 de pactul de ap\u0103rare reciproc\u0103 al NATO, exprim\u00e2ndu-\u0219i inten\u021bia de a p\u0103r\u0103si alian\u021ba. \u00cen plus, amenin\u021b\u0103rile sale de a retrage trupele din Europa din cauza cheltuielilor reduse ale alia\u021bilor au generat \u00eengrijor\u0103ri ample \u00een r\u00e2ndul liderilor NATO.<\/p>\n<p>Jens Stoltenberg, fostul secretar general al NATO, a reflectat asupra acestor amenin\u021b\u0103ri \u00een memoriile sale, subliniind impactul pe care l-ar fi avut o astfel de decizie asupra alian\u021bei, compar\u00e2nd-o cu o eventual\u0103 distrugere a NATO.<\/p>\n","protected":false},"excerpt":{"rendered":"<p>NATO ia \u00een considerare \u00eencheierea tradi\u021biei organiz\u0103rii summiturilor anuale, conform unor surse care au vorbit cu Reuters. Aceast\u0103 decizie ar putea fi motivat\u0103 de dorin\u021ba de a evita o \u00eent\u00e2lnire tensionat\u0103 cu pre\u0219edintele american Donald Trump, \u00een ultimul s\u0103u an de mandat. Administra\u021bia Trump a fost cunoscut\u0103 pentru criticile sale acerbe la adresa celor 31 [&hellip;]<\/p>\n","protected":false},"author":2,"featured_media":16348,"comment_status":"open","ping_status":"open","sticky":false,"template":"","format":"standard","meta":{"jnews-multi-image_gallery":[],"jnews_single_post":[],"jnews_primary_category":[],"jnews_override_counter":[],"footnotes":""},"categories":[41],"tags":[4946,18651,31,4417,18650,352,18649,2412],"class_list":["post-16347","post","type-post","status-publish","format-standard","has-post-thumbnail","hentry","category-externe","tag-alianta","tag-ankara","tag-jnews_demo_donald-trump","tag-intalniri","tag-membri","tag-nato","tag-summiturile","tag-turcia"],"_links":{"self":[{"href":"https:\/\/www.newsrecorder.ro\/app\/wp-json\/wp\/v2\/posts\/16347","targetHints":{"allow":["GET"]}}],"collection":[{"href":"https:\/\/www.newsrecorder.ro\/app\/wp-json\/wp\/v2\/posts"}],"about":[{"href":"https:\/\/www.newsrecorder.ro\/app\/wp-json\/wp\/v2\/types\/post"}],"author":[{"embeddable":true,"href":"https:\/\/www.newsrecorder.ro\/app\/wp-json\/wp\/v2\/users\/2"}],"replies":[{"embeddable":true,"href":"https:\/\/www.newsrecorder.ro\/app\/wp-json\/wp\/v2\/comments?post=16347"}],"version-history":[{"count":0,"href":"https:\/\/www.newsrecorder.ro\/app\/wp-json\/wp\/v2\/posts\/16347\/revisions"}],"wp:featuredmedia":[{"embeddable":true,"href":"https:\/\/www.newsrecorder.ro\/app\/wp-json\/wp\/v2\/media\/16348"}],"wp:attachment":[{"href":"https:\/\/www.newsrecorder.ro\/app\/wp-json\/wp\/v2\/media?parent=16347"}],"wp:term":[{"taxonomy":"category","embeddable":true,"href":"https:\/\/www.newsrecorder.ro\/app\/wp-json\/wp\/v2\/categories?post=16347"},{"taxonomy":"post_tag","embeddable":true,"href":"https:\/\/www.newsrecorder.ro\/app\/wp-json\/wp\/v2\/tags?post=16347"}],"curies":[{"name":"wp","href":"https:\/\/api.w.org\/{rel}","templated":true}]}}