{"id":16363,"date":"2026-04-28T06:41:45","date_gmt":"2026-04-28T06:41:45","guid":{"rendered":"https:\/\/www.newsrecorder.ro\/app\/2026\/04\/28\/fifor-acuza-bolojan-provoaca-criza-politica-intentionat\/"},"modified":"2026-04-28T06:41:45","modified_gmt":"2026-04-28T06:41:45","slug":"fifor-acuza-bolojan-provoaca-criza-politica-intentionat","status":"publish","type":"post","link":"https:\/\/www.newsrecorder.ro\/app\/2026\/04\/28\/fifor-acuza-bolojan-provoaca-criza-politica-intentionat\/","title":{"rendered":"Fifor acuz\u0103: Bolojan provoac\u0103 criza politic\u0103 inten\u021bionat!"},"content":{"rendered":"<p>Deputatul social-democrat Mihai Fifor a lansat o critic\u0103 acerb\u0103 la adresa premierului Ilie Bolojan printr-o postare pe pagina sa de Facebook. El a afirmat c\u0103 Bolojan \u201ese aga\u021b\u0103 cu disperare de fotoliul de premier\u201d \u0219i a subliniat c\u0103 acesta refuz\u0103 s\u0103 demisioneze, \u00een ciuda pierderii majorit\u0103\u021bii parlamentare.<\/p>\n<p>Fifor a declarat c\u0103 \u201ede mai bine de o s\u0103pt\u0103m\u00e2n\u0103, Ilie Bolojan conduce f\u0103r\u0103 sus\u021binere parlamentar\u0103\u201d \u0219i a accentuat c\u0103, \u00een loc s\u0103 fac\u0103 \u201egestul firesc \u00eentr-o democra\u021bie func\u021bional\u0103 \u2013 s\u0103 plece\u201d, Bolojan men\u021bine \u021bara \u00eentr-o stare de blocaj politic prelungit.<\/p>\n<p>\u201eCeea ce am v\u0103zut asear\u0103 nu a fost un lider lucid, conectat la realitate, ci un om care se crede providen\u021bial. Un om care pare convins c\u0103 el, \u0219i numai el, de\u021bine adev\u0103rul absolut, indiferent de cifre, de efectele deciziilor sale, \u0219i de voin\u021ba politic\u0103 exprimat\u0103 clar \u00een Parlament\u201d, a comentat Mihai Fifor \u00een mesajul s\u0103u.<\/p>\n<p>De asemenea, deputatul a abordat tema \u201econfisc\u0103rii guvern\u0103rii\u201d, subliniind c\u0103 legitimitatea politic\u0103 nu poate fi men\u021binut\u0103 f\u0103r\u0103 o majoritate parlamentar\u0103 solid\u0103.<\/p>\n<p>\u201eConcluzia este una c\u00e2t se poate de clar\u0103 \u0219i nu mai las\u0103 loc de nuan\u021be: Ilie Bolojan a devenit, \u00een acest moment, un factor de risc pentru Rom\u00e2nia. Nu mai vorbim doar despre un premier contestat politic, ci despre un lider care, cu bun\u0103 \u0219tiin\u021b\u0103, vulnerabilizeaz\u0103 \u021bara \u2013 at\u00e2t pe plan intern, prin blocaj \u0219i criz\u0103 politic\u0103 prelungit\u0103, c\u00e2t \u0219i pe plan extern, prin imaginea unei guvern\u0103ri f\u0103r\u0103 legitimitate \u0219i f\u0103r\u0103 direc\u021bie. Pentru a-\u0219i proteja pozi\u021bia, alege s\u0103 \u00eemping\u0103 Rom\u00e2nia \u00eentr-o situa\u021bie tot mai complicat\u0103\u201d, a ad\u0103ugat Fifor.<\/p>\n<p>\u00cen concluzie, social-democratul a subliniat c\u0103 \u00eendep\u0103rtarea lui Bolojan din func\u021bia de premier nu mai reprezint\u0103 o simpl\u0103 op\u021biune politic\u0103, ci a devenit \u201eo necesitate\u201d. El a subliniat importan\u021ba unui guvern care s\u0103 lucreze \u00een beneficiul cet\u0103\u021benilor.<\/p>\n<p>\u201eUn premier care ignor\u0103 realitatea parlamentar\u0103, care refuz\u0103 eviden\u021ba pierderii majorit\u0103\u021bii \u0219i care prelunge\u0219te deliberat criza devine, inevitabil, un element toxic pentru func\u021bionarea statului. De aceea, trebuie spus clar: Palatul Victoria nu poate fi ocupat \u00een absen\u021ba legitimit\u0103\u021bii. Rom\u00e2nia nu \u00ee\u0219i mai permite luxul unui lider care pune propriile ambi\u021bii \u00eenaintea interesului na\u021bional. \u00cendep\u0103rtarea lui Ilie Bolojan din func\u021bia de premier nu mai este o op\u021biune politic\u0103. A devenit o necesitate. Rom\u00e2nia are nevoie de stabilitate, de responsabilitate \u0219i de un guvern care s\u0103 lucreze pentru cet\u0103\u021beni, nu pentru orgoliile unui singur om\u201d, a concluzionat Mihai Fifor.<\/p>\n","protected":false},"excerpt":{"rendered":"<p>Deputatul social-democrat Mihai Fifor a lansat o critic\u0103 acerb\u0103 la adresa premierului Ilie Bolojan printr-o postare pe pagina sa de Facebook. El a afirmat c\u0103 Bolojan \u201ese aga\u021b\u0103 cu disperare de fotoliul de premier\u201d \u0219i a subliniat c\u0103 acesta refuz\u0103 s\u0103 demisioneze, \u00een ciuda pierderii majorit\u0103\u021bii parlamentare. Fifor a declarat c\u0103 \u201ede mai bine de [&hellip;]<\/p>\n","protected":false},"author":2,"featured_media":16364,"comment_status":"open","ping_status":"open","sticky":false,"template":"","format":"standard","meta":{"jnews-multi-image_gallery":[],"jnews_single_post":[],"jnews_primary_category":[],"jnews_override_counter":[],"footnotes":""},"categories":[42],"tags":[9899,4999,2079,288,302,1254,639,1072],"class_list":["post-16363","post","type-post","status-publish","format-standard","has-post-thumbnail","hentry","category-politica","tag-blocaj-politic","tag-critica","tag-demisie","tag-democratie","tag-ilie-bolojan","tag-lider","tag-majoritate-parlamentara","tag-mihai-fifor"],"_links":{"self":[{"href":"https:\/\/www.newsrecorder.ro\/app\/wp-json\/wp\/v2\/posts\/16363","targetHints":{"allow":["GET"]}}],"collection":[{"href":"https:\/\/www.newsrecorder.ro\/app\/wp-json\/wp\/v2\/posts"}],"about":[{"href":"https:\/\/www.newsrecorder.ro\/app\/wp-json\/wp\/v2\/types\/post"}],"author":[{"embeddable":true,"href":"https:\/\/www.newsrecorder.ro\/app\/wp-json\/wp\/v2\/users\/2"}],"replies":[{"embeddable":true,"href":"https:\/\/www.newsrecorder.ro\/app\/wp-json\/wp\/v2\/comments?post=16363"}],"version-history":[{"count":0,"href":"https:\/\/www.newsrecorder.ro\/app\/wp-json\/wp\/v2\/posts\/16363\/revisions"}],"wp:featuredmedia":[{"embeddable":true,"href":"https:\/\/www.newsrecorder.ro\/app\/wp-json\/wp\/v2\/media\/16364"}],"wp:attachment":[{"href":"https:\/\/www.newsrecorder.ro\/app\/wp-json\/wp\/v2\/media?parent=16363"}],"wp:term":[{"taxonomy":"category","embeddable":true,"href":"https:\/\/www.newsrecorder.ro\/app\/wp-json\/wp\/v2\/categories?post=16363"},{"taxonomy":"post_tag","embeddable":true,"href":"https:\/\/www.newsrecorder.ro\/app\/wp-json\/wp\/v2\/tags?post=16363"}],"curies":[{"name":"wp","href":"https:\/\/api.w.org\/{rel}","templated":true}]}}