{"id":16365,"date":"2026-04-28T06:42:01","date_gmt":"2026-04-28T06:42:01","guid":{"rendered":"https:\/\/www.newsrecorder.ro\/app\/2026\/04\/28\/bolojan-foloseste-criza-economica-pentru-a-si-consolida-puterea\/"},"modified":"2026-04-28T06:42:01","modified_gmt":"2026-04-28T06:42:01","slug":"bolojan-foloseste-criza-economica-pentru-a-si-consolida-puterea","status":"publish","type":"post","link":"https:\/\/www.newsrecorder.ro\/app\/2026\/04\/28\/bolojan-foloseste-criza-economica-pentru-a-si-consolida-puterea\/","title":{"rendered":"Bolojan folose\u0219te criza economic\u0103 pentru a-\u0219i consolida puterea!"},"content":{"rendered":"<p>Petri\u0219or Peiu, senator din partea AUR, a f\u0103cut recent o declara\u021bie pe re\u021belele sociale care subliniaz\u0103 gravitatea situa\u021biei economice din Rom\u00e2nia. \u00centr-o postare pe Facebook, el afirm\u0103 c\u0103 \u021bara noastr\u0103 se confrunt\u0103 deja cu o criz\u0103 economic\u0103 profund\u0103, av\u00e2nd cele mai mari dezechilibre din Uniunea European\u0103, inclusiv infla\u021bie ridicat\u0103, deficit bugetar alarmant, sc\u0103dere economic\u0103 \u0219i o diminuare a consumului.<\/p>\n<p>Peiu consider\u0103 c\u0103 avertismentele referitoare la \u201econsecin\u021bele economice\u201d ale unei posibile schimb\u0103ri de guvern reprezint\u0103 o diversiune care nu reflect\u0103 realitatea actual\u0103. \u201eCel mai caraghios lucru pe care \u00eel spun ap\u0103r\u0103torii guvernului Bolojan este faptul c\u0103 demiterea executivului ar avea \u00abgrave consecin\u021be economice\u00bb\u201d, a scris el.<\/p>\n<p>\u00cen sus\u021binerea afirma\u021biilor sale, senatorul AUR prezint\u0103 o \u201eradiografie a situa\u021biei economice actuale sub conducerea guvernului Bolojan\u201d, bazat\u0103 pe indicatori care relev\u0103 evolu\u021bii economice negative pe mai multe fronturi. Conform lui Peiu, sub actualul guvern, Rom\u00e2nia se confrunt\u0103 cu:<\/p>\n<ul>\n<li>cea mai mare infla\u021bie din UE, estimat\u0103 la aproximativ 10%;<\/li>\n<li>cel mai ridicat deficit bugetar din UE, de circa 8%;<\/li>\n<li>cel mai mare deficit comercial \u0219i de cont curent din UE, dep\u0103\u0219ind 30 de miliarde de euro;<\/li>\n<li>trei trimestre consecutive de sc\u0103dere economic\u0103;<\/li>\n<li>o sc\u0103dere a consumului timp de opt luni la r\u00e2nd;<\/li>\n<li>pensiile \u00eenghe\u021bate pentru al doilea an consecutiv;<\/li>\n<li>cheltuieli cu dob\u00e2nzile cele mai mari din UE, dep\u0103\u0219ind 3% din PIB.<\/li>\n<\/ul>\n<p>\u201eSuntem \u00een plin\u0103 criz\u0103 economic\u0103 sub guvernul Bolojan, dar voi vre\u021bi s\u0103 nu schimb\u0103m guvernul pentru a nu avea consecin\u021be economice?\u201d, a concluzionat Peiu, subliniind urgen\u021ba unei schimb\u0103ri \u00een conducerea executivului. Aceast\u0103 declara\u021bie reitereaz\u0103 preocup\u0103rile tot mai mari legate de direc\u021bia economic\u0103 a \u021b\u0103rii \u0219i nevoia de ac\u021biuni decisive pentru a aborda aceste provoc\u0103ri. <\/p>\n","protected":false},"excerpt":{"rendered":"<p>Petri\u0219or Peiu, senator din partea AUR, a f\u0103cut recent o declara\u021bie pe re\u021belele sociale care subliniaz\u0103 gravitatea situa\u021biei economice din Rom\u00e2nia. \u00centr-o postare pe Facebook, el afirm\u0103 c\u0103 \u021bara noastr\u0103 se confrunt\u0103 deja cu o criz\u0103 economic\u0103 profund\u0103, av\u00e2nd cele mai mari dezechilibre din Uniunea European\u0103, inclusiv infla\u021bie ridicat\u0103, deficit bugetar alarmant, sc\u0103dere economic\u0103 \u0219i [&hellip;]<\/p>\n","protected":false},"author":2,"featured_media":16366,"comment_status":"open","ping_status":"open","sticky":false,"template":"","format":"standard","meta":{"jnews-multi-image_gallery":[],"jnews_single_post":[],"jnews_primary_category":[],"jnews_override_counter":[],"footnotes":""},"categories":[42],"tags":[1916,3479,2091,298,4607,2977,778,4952],"class_list":["post-16365","post","type-post","status-publish","format-standard","has-post-thumbnail","hentry","category-politica","tag-aur","tag-consum","tag-criza-economica","tag-deficit-bugetar","tag-economia-romana","tag-guvern-bolojan","tag-inflatie","tag-scadere-economica"],"_links":{"self":[{"href":"https:\/\/www.newsrecorder.ro\/app\/wp-json\/wp\/v2\/posts\/16365","targetHints":{"allow":["GET"]}}],"collection":[{"href":"https:\/\/www.newsrecorder.ro\/app\/wp-json\/wp\/v2\/posts"}],"about":[{"href":"https:\/\/www.newsrecorder.ro\/app\/wp-json\/wp\/v2\/types\/post"}],"author":[{"embeddable":true,"href":"https:\/\/www.newsrecorder.ro\/app\/wp-json\/wp\/v2\/users\/2"}],"replies":[{"embeddable":true,"href":"https:\/\/www.newsrecorder.ro\/app\/wp-json\/wp\/v2\/comments?post=16365"}],"version-history":[{"count":0,"href":"https:\/\/www.newsrecorder.ro\/app\/wp-json\/wp\/v2\/posts\/16365\/revisions"}],"wp:featuredmedia":[{"embeddable":true,"href":"https:\/\/www.newsrecorder.ro\/app\/wp-json\/wp\/v2\/media\/16366"}],"wp:attachment":[{"href":"https:\/\/www.newsrecorder.ro\/app\/wp-json\/wp\/v2\/media?parent=16365"}],"wp:term":[{"taxonomy":"category","embeddable":true,"href":"https:\/\/www.newsrecorder.ro\/app\/wp-json\/wp\/v2\/categories?post=16365"},{"taxonomy":"post_tag","embeddable":true,"href":"https:\/\/www.newsrecorder.ro\/app\/wp-json\/wp\/v2\/tags?post=16365"}],"curies":[{"name":"wp","href":"https:\/\/api.w.org\/{rel}","templated":true}]}}