{"id":16367,"date":"2026-04-28T06:42:17","date_gmt":"2026-04-28T06:42:17","guid":{"rendered":"https:\/\/www.newsrecorder.ro\/app\/2026\/04\/28\/israelul-in-centrul-unui-scandal-grau-furat-din-ucraina-si-sanctiuni-ue\/"},"modified":"2026-04-28T06:42:17","modified_gmt":"2026-04-28T06:42:17","slug":"israelul-in-centrul-unui-scandal-grau-furat-din-ucraina-si-sanctiuni-ue","status":"publish","type":"post","link":"https:\/\/www.newsrecorder.ro\/app\/2026\/04\/28\/israelul-in-centrul-unui-scandal-grau-furat-din-ucraina-si-sanctiuni-ue\/","title":{"rendered":"Israelul \u00een centrul unui scandal: gr\u00e2u furat din Ucraina \u0219i sanc\u021biuni UE!"},"content":{"rendered":"<p>Un purt\u0103tor de cuv\u00e2nt al Uniunii Europene a anun\u021bat c\u0103 Bruxelles-ul a \u201eluat act\u201d de informa\u021biile referitoare la navele ruse\u0219ti, avertiz\u00e2nd persoanele implicate c\u0103 s-ar putea confrunta cu sanc\u021biuni. Aceasta este o reac\u021bie ferm\u0103 \u00een contextul tensiunilor actuale.<\/p>\n<p>\u201eCondamn\u0103m toate ac\u021biunile care contribuie la finan\u021barea efortului de r\u0103zboi ilegal al Rusiei \u0219i care permit ocolirea sanc\u021biunilor impuse de UE. R\u0103m\u00e2nem preg\u0103ti\u021bi s\u0103 ac\u021bion\u0103m \u00eempotriva acestor practici, inclusiv prin includerea pe lista de sanc\u021biuni a persoanelor \u0219i entit\u0103\u021bilor din \u021b\u0103ri ter\u021be, dac\u0103 va fi necesar,\u201d a declarat purt\u0103torul de cuv\u00e2nt al UE pentru <a href=\"https:\/\/www.timesofisrael.com\/israel-tells-ukraine-too-late-to-seize-russian-grain-ship-as-it-left-haifa-report-2\/?utm_source=toi_telegram_channel\" target=\"_blank\" rel=\"noopener\">The Times of Israel<\/a>.<\/p>\n<p>\u00cen acela\u0219i timp, ministrul ucrainean de Externe, Andrii Sybiha, a convocat ambasadorul Israelului pentru a solicita clarific\u0103ri legate de transporturile de cereale. Kievul a subliniat c\u0103 \u201e\u00ee\u0219i rezerv\u0103 dreptul de a lua m\u0103suri diplomatice \u0219i juridice interna\u021bionale\u201d dac\u0103 Israelul nu refuz\u0103 s\u0103 permit\u0103 transportul de gr\u00e2u provenit din teritoriile ucrainene ocupate.<\/p>\n<p>\u00cen replic\u0103, ministrul israelian de Externe, Gideon Sa\u2019ar, i-a comunicat lui Sybiha c\u0103 Ucraina nu a furnizat dovezi concludente care s\u0103 sus\u021bin\u0103 acuza\u021biile de \u201efurt\u201d al cerealelor. El a acuzat diplomatul ucrainean c\u0103 \u00ee\u0219i desf\u0103\u0219oar\u0103 activit\u0103\u021bile diplomatice prin intermediul mass-media, ceea ce adaug\u0103 o nou\u0103 dimensiune tensiunilor bilaterale.<\/p>\n<p>Cotidianul Haaretz a raportat c\u0103 nava Panormitis, care transport\u0103 cereale din teritoriul ucrainean ocupat, a\u0219teapt\u0103 permisiunea de a acosta \u00een portul Haifa. De asemenea, ziarul a men\u021bionat c\u0103 \u00een acest an au fost desc\u0103rcate patru transporturi de cereale din Ucraina ocupat\u0103 \u00een Israel, eviden\u021biind astfel complexitatea situa\u021biei actuale.<\/p>\n","protected":false},"excerpt":{"rendered":"<p>Un purt\u0103tor de cuv\u00e2nt al Uniunii Europene a anun\u021bat c\u0103 Bruxelles-ul a \u201eluat act\u201d de informa\u021biile referitoare la navele ruse\u0219ti, avertiz\u00e2nd persoanele implicate c\u0103 s-ar putea confrunta cu sanc\u021biuni. Aceasta este o reac\u021bie ferm\u0103 \u00een contextul tensiunilor actuale. \u201eCondamn\u0103m toate ac\u021biunile care contribuie la finan\u021barea efortului de r\u0103zboi ilegal al Rusiei \u0219i care permit ocolirea [&hellip;]<\/p>\n","protected":false},"author":2,"featured_media":16368,"comment_status":"open","ping_status":"open","sticky":false,"template":"","format":"standard","meta":{"jnews-multi-image_gallery":[],"jnews_single_post":[],"jnews_primary_category":[],"jnews_override_counter":[],"footnotes":""},"categories":[42],"tags":[14225,268,18664,681,1357,18663,18662,321],"class_list":["post-16367","post","type-post","status-publish","format-standard","has-post-thumbnail","hentry","category-politica","tag-andrii-sybiha","tag-israel","tag-masuri-diplomatice","tag-rusia","tag-tensiuni","tag-transporturi-cereale","tag-uni-navele-rusesti-sanctiuni","tag-uniunea-europeana"],"_links":{"self":[{"href":"https:\/\/www.newsrecorder.ro\/app\/wp-json\/wp\/v2\/posts\/16367","targetHints":{"allow":["GET"]}}],"collection":[{"href":"https:\/\/www.newsrecorder.ro\/app\/wp-json\/wp\/v2\/posts"}],"about":[{"href":"https:\/\/www.newsrecorder.ro\/app\/wp-json\/wp\/v2\/types\/post"}],"author":[{"embeddable":true,"href":"https:\/\/www.newsrecorder.ro\/app\/wp-json\/wp\/v2\/users\/2"}],"replies":[{"embeddable":true,"href":"https:\/\/www.newsrecorder.ro\/app\/wp-json\/wp\/v2\/comments?post=16367"}],"version-history":[{"count":0,"href":"https:\/\/www.newsrecorder.ro\/app\/wp-json\/wp\/v2\/posts\/16367\/revisions"}],"wp:featuredmedia":[{"embeddable":true,"href":"https:\/\/www.newsrecorder.ro\/app\/wp-json\/wp\/v2\/media\/16368"}],"wp:attachment":[{"href":"https:\/\/www.newsrecorder.ro\/app\/wp-json\/wp\/v2\/media?parent=16367"}],"wp:term":[{"taxonomy":"category","embeddable":true,"href":"https:\/\/www.newsrecorder.ro\/app\/wp-json\/wp\/v2\/categories?post=16367"},{"taxonomy":"post_tag","embeddable":true,"href":"https:\/\/www.newsrecorder.ro\/app\/wp-json\/wp\/v2\/tags?post=16367"}],"curies":[{"name":"wp","href":"https:\/\/api.w.org\/{rel}","templated":true}]}}