{"id":16369,"date":"2026-04-28T06:43:12","date_gmt":"2026-04-28T06:43:12","guid":{"rendered":"https:\/\/www.newsrecorder.ro\/app\/2026\/04\/28\/parteneriatul-strategic-cu-sua-cheia-sigurantei-noastre-spune-ministrul-de-externe\/"},"modified":"2026-04-28T06:43:12","modified_gmt":"2026-04-28T06:43:12","slug":"parteneriatul-strategic-cu-sua-cheia-sigurantei-noastre-spune-ministrul-de-externe","status":"publish","type":"post","link":"https:\/\/www.newsrecorder.ro\/app\/2026\/04\/28\/parteneriatul-strategic-cu-sua-cheia-sigurantei-noastre-spune-ministrul-de-externe\/","title":{"rendered":"Parteneriatul Strategic cu SUA: Cheia siguran\u021bei noastre, spune ministrul de Externe"},"content":{"rendered":"<p>Oana \u021aoiu a declarat luni c\u0103 \u201eParteneriatul Strategic cu Statele Unite este esen\u021bial pentru securitatea noastr\u0103\u201d, remarc\u00e2nd c\u0103 discu\u021bia avut\u0103 cu secretarul For\u021belor Terestre ale SUA a \u00eent\u0103rit aceast\u0103 afirma\u021bie.<\/p>\n<p>\u00cen cadrul \u00eent\u00e2lnirii, s-a pus accent pe securitatea regional\u0103, \u00een special \u00een contextul conflictului din Ucraina, Oana \u021aoiu subliniind importan\u021ba prezen\u021bei militare americane pe teritoriul Rom\u00e2niei.<\/p>\n<p>\u201eAm discutat despre teme cruciale pentru securitatea Rom\u00e2niei, de la rolul vital al prezen\u021bei militare americane \u00een \u00eent\u0103rirea Flancului Estic, la necesitatea unei colabor\u0103ri str\u00e2nse \u00een fa\u021ba agresiunii Rusiei \u00eempotriva Ucrainei,\u201d a afirmat aceasta.<\/p>\n<p>Ministrul a adus \u00een discu\u021bie \u0219i incidentul recent \u00een care o dron\u0103 ruseasc\u0103 a avariat o gospod\u0103rie \u00een Gala\u021bi, detaliind oficialului american circumstan\u021bele acestui eveniment.<\/p>\n<p>\u201eI-am prezentat oficialului american informa\u021biile referitoare la cea mai recent\u0103 \u00eenc\u0103lcare a spa\u021biului nostru aerian de c\u0103tre o dron\u0103 ruseasc\u0103. Este un incident f\u0103r\u0103 precedent, av\u00e2nd \u00een vedere c\u0103 fragmentele au c\u0103zut \u00eentr-o zon\u0103 locuit\u0103, ceea ce a impus interven\u021bia speciali\u0219tilor no\u0219tri pentru a detona \u00eenc\u0103rc\u0103tura explozibil\u0103,\u201d a explicat \u021aoiu.<\/p>\n<p>Pe plan economic, Oana \u021aoiu a eviden\u021biat c\u0103 discu\u021biile au inclus \u0219i extinderea cooper\u0103rii bilaterale.<\/p>\n<p>\u201eAm abordat subiectul acceler\u0103rii investi\u021biilor comune \u0219i al cre\u0219terii economiilor noastre, \u00een special \u00een domeniul industriei de ap\u0103rare, unde exist\u0103 un poten\u021bial semnificativ pentru dezvoltarea cooper\u0103rii industriale,\u201d a declarat oficialul.<\/p>\n<p>\u00cen concluzie, aceasta a reafirmat angajamentul Rom\u00e2niei ca aliat activ \u00een cadrul NATO, subliniind: \u201eRom\u00e2nia r\u0103m\u00e2ne un aliat de \u00eencredere, responsabil \u0219i activ \u00een \u00eendeplinirea obiectivelor NATO.\u201d<\/p>\n","protected":false},"excerpt":{"rendered":"<p>Oana \u021aoiu a declarat luni c\u0103 \u201eParteneriatul Strategic cu Statele Unite este esen\u021bial pentru securitatea noastr\u0103\u201d, remarc\u00e2nd c\u0103 discu\u021bia avut\u0103 cu secretarul For\u021belor Terestre ale SUA a \u00eent\u0103rit aceast\u0103 afirma\u021bie. \u00cen cadrul \u00eent\u00e2lnirii, s-a pus accent pe securitatea regional\u0103, \u00een special \u00een contextul conflictului din Ucraina, Oana \u021aoiu subliniind importan\u021ba prezen\u021bei militare americane pe teritoriul [&hellip;]<\/p>\n","protected":false},"author":2,"featured_media":16370,"comment_status":"open","ping_status":"open","sticky":false,"template":"","format":"standard","meta":{"jnews-multi-image_gallery":[],"jnews_single_post":[],"jnews_primary_category":[],"jnews_override_counter":[],"footnotes":""},"categories":[42],"tags":[384,802,18203,351,3115,905,18665,3284],"class_list":["post-16369","post","type-post","status-publish","format-standard","has-post-thumbnail","hentry","category-politica","tag-agresiune-rusia","tag-conflict-ucraina","tag-drona-ruseasca","tag-flanc-estic","tag-oana-toiu","tag-parteneriat-strategic","tag-prezenta-militara-americana","tag-securitate-regionala"],"_links":{"self":[{"href":"https:\/\/www.newsrecorder.ro\/app\/wp-json\/wp\/v2\/posts\/16369","targetHints":{"allow":["GET"]}}],"collection":[{"href":"https:\/\/www.newsrecorder.ro\/app\/wp-json\/wp\/v2\/posts"}],"about":[{"href":"https:\/\/www.newsrecorder.ro\/app\/wp-json\/wp\/v2\/types\/post"}],"author":[{"embeddable":true,"href":"https:\/\/www.newsrecorder.ro\/app\/wp-json\/wp\/v2\/users\/2"}],"replies":[{"embeddable":true,"href":"https:\/\/www.newsrecorder.ro\/app\/wp-json\/wp\/v2\/comments?post=16369"}],"version-history":[{"count":0,"href":"https:\/\/www.newsrecorder.ro\/app\/wp-json\/wp\/v2\/posts\/16369\/revisions"}],"wp:featuredmedia":[{"embeddable":true,"href":"https:\/\/www.newsrecorder.ro\/app\/wp-json\/wp\/v2\/media\/16370"}],"wp:attachment":[{"href":"https:\/\/www.newsrecorder.ro\/app\/wp-json\/wp\/v2\/media?parent=16369"}],"wp:term":[{"taxonomy":"category","embeddable":true,"href":"https:\/\/www.newsrecorder.ro\/app\/wp-json\/wp\/v2\/categories?post=16369"},{"taxonomy":"post_tag","embeddable":true,"href":"https:\/\/www.newsrecorder.ro\/app\/wp-json\/wp\/v2\/tags?post=16369"}],"curies":[{"name":"wp","href":"https:\/\/api.w.org\/{rel}","templated":true}]}}