{"id":1637,"date":"2026-02-04T11:42:42","date_gmt":"2026-02-04T11:42:42","guid":{"rendered":"https:\/\/www.newsrecorder.ro\/app\/2026\/02\/04\/bucurestenii-fara-apa-calda-cum-va-fi-compensat-agentul-termic\/"},"modified":"2026-02-04T11:42:42","modified_gmt":"2026-02-04T11:42:42","slug":"bucurestenii-fara-apa-calda-cum-va-fi-compensat-agentul-termic","status":"publish","type":"post","link":"https:\/\/www.newsrecorder.ro\/app\/2026\/02\/04\/bucurestenii-fara-apa-calda-cum-va-fi-compensat-agentul-termic\/","title":{"rendered":"Bucure\u0219tenii f\u0103r\u0103 ap\u0103 cald\u0103: Cum va fi compensat agentul termic?"},"content":{"rendered":"<p>\u00centr-o recent\u0103 postare pe Facebook, Prim\u0103ria Municipiului Bucure\u0219ti a subliniat faptul c\u0103 locuitorii capitalei pl\u0103tesc pentru ap\u0103 cald\u0103 \u0219i \u00eenc\u0103lzire strict \u00een func\u021bie de consumul real \u0219i de parametrii de livrare a agentului termic, nu la tarife maxime, \u00een situa\u021biile \u00een care aceste servicii nu sunt furnizate corespunz\u0103tor.<\/p>\n<p><strong>\u201ePl\u0103tim apa cald\u0103 \u0219i c\u0103ldura doar atunci c\u00e2nd sunt livrate la parametrii normali! Altfel, agentul termic nu e tarifat la nivel maxim. Apa, caloriferele sunt c\u0103l\u00e2i sau reci \u2013 se pl\u0103te\u0219te \u00een consecin\u021b\u0103! Este posibil acest lucru!\u201d<\/strong>, este mesajul transmis de PMB pe platforma social\u0103.<\/p>\n<p>Prim\u0103ria a explicat c\u0103, \u00een subsolul fiec\u0103rui bloc, exist\u0103 un contor de energie termic\u0103 care \u00eenregistreaz\u0103 cu precizie cantitatea de gigacalorii livrat\u0103 \u00een imobil, iar plata se face \u00een func\u021bie de temperatura apei. <\/p>\n<p>\u201e<strong>Atunci c\u00e2nd nu se furnizeaz\u0103 ap\u0103 cald\u0103 la parametrii contractuali (\u0219i c\u00e2nd nu exist\u0103 posibilitatea sist\u0103rii acesteia), contorul de energie termic\u0103 \u00eenregistreaz\u0103 exact cantitatea de energie livrat\u0103 (MWh\/Gcal). Apa mai \u201ec\u0103ldu\u021b\u0103\u201d este mai ieftin\u0103 dec\u00e2t cea fierbinte, deoarece necesit\u0103 o cantitate mai mic\u0103 de Gcal<\/strong>\u201d, a ad\u0103ugat Prim\u0103ria Capitalei.<\/p>\n<p>\u00cen ceea ce prive\u0219te \u00eentre\u021binerea de la avizierul fiec\u0103rui bloc, PMB a clarificat c\u0103 valoarea acesteia nu reflect\u0103 exclusiv costurile pentru ap\u0103 cald\u0103 sau \u00eenc\u0103lzire. Aceasta include \u0219i cheltuieli pentru ap\u0103 rece menajer\u0103, servicii de cur\u0103\u021benie, precum \u0219i salariile personalului administrativ al asocia\u021biei de proprietari.<\/p>\n<p>De asemenea, Prim\u0103ria a men\u021bionat c\u0103 \u00een prezent, exist\u0103 mici avarii pe re\u021beaua secundar\u0103, afect\u00e2nd 288 de blocuri. De\u0219i agentul termic este livrat, acesta se face la parametri mai sc\u0103zu\u021bi.<\/p>\n<p>\u00cen ultimele s\u0103pt\u0103m\u00e2ni, mai multe sectoare din Bucure\u0219ti s-au confruntat cu dificult\u0103\u021bi \u00een furnizarea apei calde \u0219i a c\u0103ldurii. S\u0103pt\u0103m\u00e2na trecut\u0103, Compania Municipal\u0103 Termoenergetica Bucure\u0219ti a f\u0103cut preciz\u0103ri similare cu cele ale PMB, subliniind c\u0103 locatarii <strong>vor pl\u0103ti doar pentru energia termic\u0103 consumat\u0103 efectiv<\/strong>, iar facturile nu vor include perioadele \u00een care \u00eenc\u0103lzirea sau apa cald\u0103 nu au fost livrate la parametrii contractuali.<\/p>\n","protected":false},"excerpt":{"rendered":"<p>\u00centr-o recent\u0103 postare pe Facebook, Prim\u0103ria Municipiului Bucure\u0219ti a subliniat faptul c\u0103 locuitorii capitalei pl\u0103tesc pentru ap\u0103 cald\u0103 \u0219i \u00eenc\u0103lzire strict \u00een func\u021bie de consumul real \u0219i de parametrii de livrare a agentului termic, nu la tarife maxime, \u00een situa\u021biile \u00een care aceste servicii nu sunt furnizate corespunz\u0103tor. \u201ePl\u0103tim apa cald\u0103 \u0219i c\u0103ldura doar atunci [&hellip;]<\/p>\n","protected":false},"author":4,"featured_media":1638,"comment_status":"open","ping_status":"open","sticky":false,"template":"","format":"standard","meta":{"jnews-multi-image_gallery":[],"jnews_single_post":[],"jnews_primary_category":[],"jnews_override_counter":[],"footnotes":""},"categories":[40],"tags":[2921,2919,2920,2922,1804,2923,1054,708],"class_list":["post-1637","post","type-post","status-publish","format-standard","has-post-thumbnail","hentry","category-econonie","tag-agent-termic","tag-apa-calda","tag-consum-real","tag-gigacalorii","tag-incalzire","tag-parametrii-normali","tag-primaria-bucuresti","tag-tarife"],"_links":{"self":[{"href":"https:\/\/www.newsrecorder.ro\/app\/wp-json\/wp\/v2\/posts\/1637","targetHints":{"allow":["GET"]}}],"collection":[{"href":"https:\/\/www.newsrecorder.ro\/app\/wp-json\/wp\/v2\/posts"}],"about":[{"href":"https:\/\/www.newsrecorder.ro\/app\/wp-json\/wp\/v2\/types\/post"}],"author":[{"embeddable":true,"href":"https:\/\/www.newsrecorder.ro\/app\/wp-json\/wp\/v2\/users\/4"}],"replies":[{"embeddable":true,"href":"https:\/\/www.newsrecorder.ro\/app\/wp-json\/wp\/v2\/comments?post=1637"}],"version-history":[{"count":0,"href":"https:\/\/www.newsrecorder.ro\/app\/wp-json\/wp\/v2\/posts\/1637\/revisions"}],"wp:featuredmedia":[{"embeddable":true,"href":"https:\/\/www.newsrecorder.ro\/app\/wp-json\/wp\/v2\/media\/1638"}],"wp:attachment":[{"href":"https:\/\/www.newsrecorder.ro\/app\/wp-json\/wp\/v2\/media?parent=1637"}],"wp:term":[{"taxonomy":"category","embeddable":true,"href":"https:\/\/www.newsrecorder.ro\/app\/wp-json\/wp\/v2\/categories?post=1637"},{"taxonomy":"post_tag","embeddable":true,"href":"https:\/\/www.newsrecorder.ro\/app\/wp-json\/wp\/v2\/tags?post=1637"}],"curies":[{"name":"wp","href":"https:\/\/api.w.org\/{rel}","templated":true}]}}