{"id":16371,"date":"2026-04-28T06:43:24","date_gmt":"2026-04-28T06:43:24","guid":{"rendered":"https:\/\/www.newsrecorder.ro\/app\/2026\/04\/28\/miruta-rupe-tacerea-ce-a-socat-psd-ul\/"},"modified":"2026-04-28T06:43:24","modified_gmt":"2026-04-28T06:43:24","slug":"miruta-rupe-tacerea-ce-a-socat-psd-ul","status":"publish","type":"post","link":"https:\/\/www.newsrecorder.ro\/app\/2026\/04\/28\/miruta-rupe-tacerea-ce-a-socat-psd-ul\/","title":{"rendered":"Miru\u021b\u0103 rupe t\u0103cerea: Ce a \u0219ocat PSD-ul?"},"content":{"rendered":"<p>\u00centr-o apari\u021bie recent\u0103 la B1 TV, Radu Miru\u021b\u0103 a discutat despre conflictele cu Partidul Social Democrat, dezv\u0103luind detalii interesante despre ac\u021biunile sale recente.<\/p>\n<p>\u201eAm demis 21 de administratori, \u00een special din Ministerul Economiei, \u0219i am \u00eenaintat conducerea ROMARM la DNA. Ca reac\u021bie, am primit o mo\u021biune simpl\u0103. A treia zi dup\u0103 aceste evenimente\u201d, a declarat politicianul, subliniind intensitatea reac\u021biilor pe care le-a provocat prin deciziile sale.<\/p>\n<p>Miru\u021b\u0103 a \u00eemp\u0103rt\u0103\u0219it experien\u021ba sa, afirm\u00e2nd c\u0103 a sim\u021bit \u201epe propia piele\u201d furia celor din PSD atunci c\u00e2nd a decis s\u0103 elimine anumite persoane din func\u021bii. El a continuat s\u0103 explice cum aceste ac\u021biuni au generat reac\u021bii directe \u00een func\u021bie de interesele pe care le-a afectat \u00een cadrul partidului.<\/p>\n<p>\u201eAjunsesem s\u0103 observ consecin\u021bele ac\u021biunilor mele \u0219i modul \u00een care reac\u021biile erau propor\u021bionale cu num\u0103rul de interese din PSD pe care le sup\u0103ram. Dar ce vrem s\u0103 facem \u00een aceast\u0103 \u021bar\u0103? S\u0103 o \u00eenchidem \u00eentr-un bloc, s\u0103 lu\u0103m cheia \u0219i s\u0103 o d\u0103m PSD-ului, spun\u00e2ndu-le s\u0103 fac\u0103 ce vor, iar noi s\u0103 cerem aprobat\u0103 doar c\u00e2nd vrem s\u0103 ne uit\u0103m pe geam sau s\u0103 facem cur\u0103\u021benie? PSD trebuie s\u0103 \u00een\u021beleag\u0103 c\u0103 nu a ob\u021binut dec\u00e2t 20% la alegeri\u201d, a ad\u0103ugat ministrul Ap\u0103r\u0103rii, eviden\u021biind nevoia de responsabilitate \u0219i de respect fa\u021b\u0103 de voturile cet\u0103\u021benilor.<\/p>\n","protected":false},"excerpt":{"rendered":"<p>\u00centr-o apari\u021bie recent\u0103 la B1 TV, Radu Miru\u021b\u0103 a discutat despre conflictele cu Partidul Social Democrat, dezv\u0103luind detalii interesante despre ac\u021biunile sale recente. \u201eAm demis 21 de administratori, \u00een special din Ministerul Economiei, \u0219i am \u00eenaintat conducerea ROMARM la DNA. Ca reac\u021bie, am primit o mo\u021biune simpl\u0103. A treia zi dup\u0103 aceste evenimente\u201d, a declarat [&hellip;]<\/p>\n","protected":false},"author":2,"featured_media":16372,"comment_status":"open","ping_status":"open","sticky":false,"template":"","format":"standard","meta":{"jnews-multi-image_gallery":[],"jnews_single_post":[],"jnews_primary_category":[],"jnews_override_counter":[],"footnotes":""},"categories":[42],"tags":[4288,18666,3130,18668,2152,4739,18667,10609],"class_list":["post-16371","post","type-post","status-publish","format-standard","has-post-thumbnail","hentry","category-politica","tag-conflicte-politice","tag-demiteri","tag-dna","tag-interese-partid","tag-partidul-social-democrat","tag-radu-miruta","tag-reactii-politice","tag-romarm"],"_links":{"self":[{"href":"https:\/\/www.newsrecorder.ro\/app\/wp-json\/wp\/v2\/posts\/16371","targetHints":{"allow":["GET"]}}],"collection":[{"href":"https:\/\/www.newsrecorder.ro\/app\/wp-json\/wp\/v2\/posts"}],"about":[{"href":"https:\/\/www.newsrecorder.ro\/app\/wp-json\/wp\/v2\/types\/post"}],"author":[{"embeddable":true,"href":"https:\/\/www.newsrecorder.ro\/app\/wp-json\/wp\/v2\/users\/2"}],"replies":[{"embeddable":true,"href":"https:\/\/www.newsrecorder.ro\/app\/wp-json\/wp\/v2\/comments?post=16371"}],"version-history":[{"count":0,"href":"https:\/\/www.newsrecorder.ro\/app\/wp-json\/wp\/v2\/posts\/16371\/revisions"}],"wp:featuredmedia":[{"embeddable":true,"href":"https:\/\/www.newsrecorder.ro\/app\/wp-json\/wp\/v2\/media\/16372"}],"wp:attachment":[{"href":"https:\/\/www.newsrecorder.ro\/app\/wp-json\/wp\/v2\/media?parent=16371"}],"wp:term":[{"taxonomy":"category","embeddable":true,"href":"https:\/\/www.newsrecorder.ro\/app\/wp-json\/wp\/v2\/categories?post=16371"},{"taxonomy":"post_tag","embeddable":true,"href":"https:\/\/www.newsrecorder.ro\/app\/wp-json\/wp\/v2\/tags?post=16371"}],"curies":[{"name":"wp","href":"https:\/\/api.w.org\/{rel}","templated":true}]}}