{"id":16373,"date":"2026-04-28T06:43:46","date_gmt":"2026-04-28T06:43:46","guid":{"rendered":"https:\/\/www.newsrecorder.ro\/app\/2026\/04\/28\/miruta-motiunea-o-batalie-cruciala-pentru-viitorul-romaniei\/"},"modified":"2026-04-28T06:43:46","modified_gmt":"2026-04-28T06:43:46","slug":"miruta-motiunea-o-batalie-cruciala-pentru-viitorul-romaniei","status":"publish","type":"post","link":"https:\/\/www.newsrecorder.ro\/app\/2026\/04\/28\/miruta-motiunea-o-batalie-cruciala-pentru-viitorul-romaniei\/","title":{"rendered":"Miru\u021b\u0103: Mo\u021biunea, o b\u0103t\u0103lie crucial\u0103 pentru viitorul Rom\u00e2niei!"},"content":{"rendered":"<p>Radu Miru\u021b\u0103 a declarat, luni, c\u0103 social-democra\u021bii care sus\u021bin c\u0103 au aflat despre planul de depunere a mo\u021biunii de cenzur\u0103 din mass-media au \u201eop\u021biunea de a se exprima \u00een cadrul partidului, f\u0103r\u0103 a sus\u021bine aceast\u0103 ini\u021biativ\u0103\u201d.<\/p>\n<p>\u00cen ultimele luni, Miru\u021b\u0103 a avut ocazia s\u0103 activeze \u00een dou\u0103 ministere, observ\u00e2nd \u201ec\u00e2t de mult\u0103 posibilitate exist\u0103 la v\u00e2rful statului de a aduce schimb\u0103ri \u0219i de a face ordine\u201d.<\/p>\n<p>\u201eAceast\u0103 mo\u021biune nu este despre Ilie Bolojan. Este o lupt\u0103 pentru Rom\u00e2nia de a nu reveni la anii &#8217;90, c\u00e2nd combina\u021biile politice erau la ordinea zilei \u00een toate col\u021burile institu\u021biilor statului. Acolo ne afl\u0103m acum. Am intrat \u00een acest guvern cu scopul de a deranja interesele, iar Ilie Bolojan a promovat o politic\u0103 prin care mini\u0219trii care au dorit s\u0103 se alinieze au \u00eenceput s\u0103 fac\u0103 ordine. Am reu\u0219it s\u0103 facem cur\u0103\u021benie pas cu pas, dar cu fiecare ac\u021biune, am generat o reac\u021bie din partea celor afecta\u021bi. Num\u0103rul celor deranja\u021bi a crescut, iar aceasta a \u00eenceput s\u0103 se resimt\u0103 \u00een r\u00e2ndul organiza\u021biilor de baz\u0103 ale partidului. Partidul Social-Democrat se str\u0103duie\u0219te s\u0103 \u00eempiedice Rom\u00e2nia s\u0103 avanseze spre o zon\u0103 de cur\u0103\u021benie \u0219i a decis s\u0103 \u00eencheie o alian\u021b\u0103 cu AUR pentru a \u00eentoarce Rom\u00e2nia \u00een trecut, \u00een loc s\u0103 o propulseze \u00eenainte\u201d, a afirmat Radu Miru\u021b\u0103 \u00een cadrul unei emisiuni de la B1 TV.<\/p>\n<p>Mai mult, Radu Miru\u021b\u0103 a subliniat c\u0103 miza nu este una personal\u0103, ci \u201ese refer\u0103 la a nu permite Rom\u00e2niei s\u0103 dep\u0103\u0219easc\u0103 o barier\u0103 pe care a \u00eent\u00e2mpinat-o de-a lungul multor ani\u201d, ad\u0103ug\u00e2nd c\u0103 \u201esuntem foarte aproape de aceast\u0103 limit\u0103\u201d.<\/p>\n<p>\u201eAceast\u0103 echip\u0103 reformatoare reu\u0219e\u0219te s\u0103 ob\u021bin\u0103 succes, demol\u00e2nd zidurile care au constr\u00e2ns \u021bara timp de 36 de ani de la Revolu\u021bie. \u00cen schimb, Partidul Social-Democrat, care s-a hr\u0103nit politic din controlul asupra acestei \u021b\u0103ri, \u00ee\u0219i d\u0103 ultima suflare \u00een \u00eencercarea de a opri distrugerea acestor ziduri \u0219i de a readuce situa\u021bia sub controlul lor. Despre asta este vorba\u201d, a concluzionat ministrul Ap\u0103r\u0103rii. <\/p>\n","protected":false},"excerpt":{"rendered":"<p>Radu Miru\u021b\u0103 a declarat, luni, c\u0103 social-democra\u021bii care sus\u021bin c\u0103 au aflat despre planul de depunere a mo\u021biunii de cenzur\u0103 din mass-media au \u201eop\u021biunea de a se exprima \u00een cadrul partidului, f\u0103r\u0103 a sus\u021bine aceast\u0103 ini\u021biativ\u0103\u201d. \u00cen ultimele luni, Miru\u021b\u0103 a avut ocazia s\u0103 activeze \u00een dou\u0103 ministere, observ\u00e2nd \u201ec\u00e2t de mult\u0103 posibilitate exist\u0103 la [&hellip;]<\/p>\n","protected":false},"author":2,"featured_media":16374,"comment_status":"open","ping_status":"open","sticky":false,"template":"","format":"standard","meta":{"jnews-multi-image_gallery":[],"jnews_single_post":[],"jnews_primary_category":[],"jnews_override_counter":[],"footnotes":""},"categories":[42],"tags":[301,302,18670,12212,18669,4739,5287,3351],"class_list":["post-16373","post","type-post","status-publish","format-standard","has-post-thumbnail","hentry","category-politica","tag-guvern","tag-ilie-bolojan","tag-interese-politice","tag-motiune-de-cenzura","tag-ordine-in-stat","tag-radu-miruta","tag-schimbari-politice","tag-social-democrati"],"_links":{"self":[{"href":"https:\/\/www.newsrecorder.ro\/app\/wp-json\/wp\/v2\/posts\/16373","targetHints":{"allow":["GET"]}}],"collection":[{"href":"https:\/\/www.newsrecorder.ro\/app\/wp-json\/wp\/v2\/posts"}],"about":[{"href":"https:\/\/www.newsrecorder.ro\/app\/wp-json\/wp\/v2\/types\/post"}],"author":[{"embeddable":true,"href":"https:\/\/www.newsrecorder.ro\/app\/wp-json\/wp\/v2\/users\/2"}],"replies":[{"embeddable":true,"href":"https:\/\/www.newsrecorder.ro\/app\/wp-json\/wp\/v2\/comments?post=16373"}],"version-history":[{"count":0,"href":"https:\/\/www.newsrecorder.ro\/app\/wp-json\/wp\/v2\/posts\/16373\/revisions"}],"wp:featuredmedia":[{"embeddable":true,"href":"https:\/\/www.newsrecorder.ro\/app\/wp-json\/wp\/v2\/media\/16374"}],"wp:attachment":[{"href":"https:\/\/www.newsrecorder.ro\/app\/wp-json\/wp\/v2\/media?parent=16373"}],"wp:term":[{"taxonomy":"category","embeddable":true,"href":"https:\/\/www.newsrecorder.ro\/app\/wp-json\/wp\/v2\/categories?post=16373"},{"taxonomy":"post_tag","embeddable":true,"href":"https:\/\/www.newsrecorder.ro\/app\/wp-json\/wp\/v2\/tags?post=16373"}],"curies":[{"name":"wp","href":"https:\/\/api.w.org\/{rel}","templated":true}]}}