{"id":16377,"date":"2026-04-28T07:06:51","date_gmt":"2026-04-28T07:06:51","guid":{"rendered":"https:\/\/www.newsrecorder.ro\/app\/2026\/04\/28\/trump-a-sarit-peste-eticheta-regala-la-intalnirea-cu-regele-charles\/"},"modified":"2026-04-28T07:06:51","modified_gmt":"2026-04-28T07:06:51","slug":"trump-a-sarit-peste-eticheta-regala-la-intalnirea-cu-regele-charles","status":"publish","type":"post","link":"https:\/\/www.newsrecorder.ro\/app\/2026\/04\/28\/trump-a-sarit-peste-eticheta-regala-la-intalnirea-cu-regele-charles\/","title":{"rendered":"Trump a s\u0103rit peste eticheta regal\u0103 la \u00eent\u00e2lnirea cu Regele Charles!"},"content":{"rendered":"<p>Regele Charles \u0219i Regina Camilla au sosit luni \u00een Statele Unite, unde au fost \u00eent\u00e2mpina\u021bi la Casa Alb\u0103 de c\u0103tre pre\u0219edintele Donald Trump \u0219i Prima Doamn\u0103 Melania Trump. \u00centr-un moment surprinz\u0103tor, Trump a \u00eenc\u0103lcat protocolul regal printr-o atingere pe um\u0103rul regelui, conform sursei <a href=\"https:\/\/www.express.co.uk\/news\/royal\/2199082\/trump-breaks-royal-protocol-straight-away-king-charles-queen-camilla-arrive-us\" target=\"_blank\" rel=\"noopener\">Express<\/a>.<\/p>\n<p>De\u0219i aceast\u0103 mi\u0219care ar putea fi perceput\u0103 ca un gest de prietenie, expertul \u00een limbaj corporal Judi James a declarat pentru Daily Mail c\u0103 \u201eatingerea pe bra\u021b este mai degrab\u0103 un gest politic\u201d. Ea a observat c\u0103 Regele Charles a r\u0103mas impasibil la aceast\u0103 \u00eenc\u0103lcare a etichetei regale.<\/p>\n<p>\u201eCharles a p\u0103rut \u00eentotdeauna mai relaxat \u00een ceea ce prive\u0219te aceste conven\u021bii dec\u00e2t mama sa, Regina Elisabeta a II-a, iar gestul a fost extrem de st\u0103p\u00e2nit, av\u00e2nd \u00een vedere personalitatea lui Trump\u201d, a continuat James.<\/p>\n<p>Experta a subliniat c\u0103 str\u00e2ngerea de m\u00e2n\u0103 dintre cei doi a durat aproximativ opt secunde \u0219i a avut un caracter profesional, \u00een timp ce Melania Trump a contribuit la o atmosfer\u0103 mai informal\u0103 pe parcursul recep\u021biei.<\/p>\n<p>Este important de men\u021bionat c\u0103 aceasta nu este prima dat\u0103 c\u00e2nd Donald Trump a \u00eenc\u0103lcat protocolul regal \u00een prezen\u021ba monarhilor britanici. \u00cen timpul unei vizite de stat \u00een Marea Britanie din iulie 2018, Trump a fost surprins \u00eentorc\u00e2ndu-i spatele Reginei \u0219i merg\u00e2nd \u00eenaintea ei \u00een timp ce treceau pe l\u00e2ng\u0103 trupele de onoare.<\/p>\n<p>Mai mult, \u00een vizita sa la Londra de anul trecut, Trump a fost v\u0103zut apuc\u00e2ndu-l pe Regele Charles de m\u00e2n\u0103, o alt\u0103 abatere de la normele protocolului regal.<\/p>\n<p>Vizita oficial\u0103 a Regelui Charles \u0219i a Reginei Camilla are loc \u00eentr-un context de securitate sporit\u0103, la scurt timp dup\u0103 un incident grav la Cina Coresponden\u021bilor de la Casa Alb\u0103, unde un suspect a tras focuri de arm\u0103 \u00eentr-o presupus\u0103 tentativ\u0103 de asasinat.<\/p>\n<p>\u00cen ciuda acestor circumstan\u021be, programul vizitei regale continu\u0103. Mar\u021bi, Regele Charles va adresa Congresul, marc\u00e2nd astfel a doua ocazie \u00een care un monarh britanic vorbe\u0219te \u00een fa\u021ba legislativului american, prima dat\u0103 fiind \u00een 1991, c\u00e2nd Regina Elisabeta a II-a a avut aceea\u0219i onoare.<\/p>\n","protected":false},"excerpt":{"rendered":"<p>Regele Charles \u0219i Regina Camilla au sosit luni \u00een Statele Unite, unde au fost \u00eent\u00e2mpina\u021bi la Casa Alb\u0103 de c\u0103tre pre\u0219edintele Donald Trump \u0219i Prima Doamn\u0103 Melania Trump. \u00centr-un moment surprinz\u0103tor, Trump a \u00eenc\u0103lcat protocolul regal printr-o atingere pe um\u0103rul regelui, conform sursei Express. De\u0219i aceast\u0103 mi\u0219care ar putea fi perceput\u0103 ca un gest de [&hellip;]<\/p>\n","protected":false},"author":2,"featured_media":16378,"comment_status":"open","ping_status":"open","sticky":false,"template":"","format":"standard","meta":{"jnews-multi-image_gallery":[],"jnews_single_post":[],"jnews_primary_category":[],"jnews_override_counter":[],"footnotes":""},"categories":[42],"tags":[31,18675,18676,18674,3057,18673,3812,1833],"class_list":["post-16377","post","type-post","status-publish","format-standard","has-post-thumbnail","hentry","category-politica","tag-jnews_demo_donald-trump","tag-eticheta-regala","tag-gest-politic","tag-limbaj-corporal","tag-melania-trump","tag-protocol-regal","tag-regele-charles","tag-regina-camilla"],"_links":{"self":[{"href":"https:\/\/www.newsrecorder.ro\/app\/wp-json\/wp\/v2\/posts\/16377","targetHints":{"allow":["GET"]}}],"collection":[{"href":"https:\/\/www.newsrecorder.ro\/app\/wp-json\/wp\/v2\/posts"}],"about":[{"href":"https:\/\/www.newsrecorder.ro\/app\/wp-json\/wp\/v2\/types\/post"}],"author":[{"embeddable":true,"href":"https:\/\/www.newsrecorder.ro\/app\/wp-json\/wp\/v2\/users\/2"}],"replies":[{"embeddable":true,"href":"https:\/\/www.newsrecorder.ro\/app\/wp-json\/wp\/v2\/comments?post=16377"}],"version-history":[{"count":0,"href":"https:\/\/www.newsrecorder.ro\/app\/wp-json\/wp\/v2\/posts\/16377\/revisions"}],"wp:featuredmedia":[{"embeddable":true,"href":"https:\/\/www.newsrecorder.ro\/app\/wp-json\/wp\/v2\/media\/16378"}],"wp:attachment":[{"href":"https:\/\/www.newsrecorder.ro\/app\/wp-json\/wp\/v2\/media?parent=16377"}],"wp:term":[{"taxonomy":"category","embeddable":true,"href":"https:\/\/www.newsrecorder.ro\/app\/wp-json\/wp\/v2\/categories?post=16377"},{"taxonomy":"post_tag","embeddable":true,"href":"https:\/\/www.newsrecorder.ro\/app\/wp-json\/wp\/v2\/tags?post=16377"}],"curies":[{"name":"wp","href":"https:\/\/api.w.org\/{rel}","templated":true}]}}