{"id":16379,"date":"2026-04-28T11:06:15","date_gmt":"2026-04-28T11:06:15","guid":{"rendered":"https:\/\/www.newsrecorder.ro\/app\/2026\/04\/28\/lovitura-decisiva-armata-captureaza-un-lider-al-cartelului-jalisco\/"},"modified":"2026-04-28T11:06:15","modified_gmt":"2026-04-28T11:06:15","slug":"lovitura-decisiva-armata-captureaza-un-lider-al-cartelului-jalisco","status":"publish","type":"post","link":"https:\/\/www.newsrecorder.ro\/app\/2026\/04\/28\/lovitura-decisiva-armata-captureaza-un-lider-al-cartelului-jalisco\/","title":{"rendered":"Lovitura decisiv\u0103: Armata captureaz\u0103 un lider al cartelului Jalisco!"},"content":{"rendered":"<p>Audias Flores Silva, cunoscut sub diverse denumiri, precum \u201eEl Jardinero\u201d sau \u201eThe Gardener\u201d, a fost capturat de c\u0103tre armata mexican\u0103 \u00een statul Nayarit. Acesta se ascundea \u00eentr-un \u0219an\u021b de pe marginea drumului, \u00een apropierea localit\u0103\u021bii El Mirador, conform informa\u021biilor furnizate de <a href=\"https:\/\/www.euronews.com\/2026\/04\/28\/mexican-army-captures-top-cartel-boss-in-another-blow-to-jalisco-new-generation\" target=\"_blank\" rel=\"noopener\">Euronews<\/a>. Autorit\u0103\u021bile au confirmat c\u0103 opera\u021biunea s-a desf\u0103\u0219urat f\u0103r\u0103 a \u00eenregistra victime sau r\u0103ni\u021bi. Flores Silva era considerat unul dintre principalii locotenen\u021bi ai fostului lider al cartelului, Nemesio Oseguera Cervantes, \u0219i un posibil succesor al acestuia.<\/p>\n<p>Recompensa oferit\u0103 de Statele Unite pentru capturarea lui Flores Silva era de 5 milioane de dolari, subliniind astfel importan\u021ba acestuia \u00een cadrul cartelului. Rolul s\u0103u era strategic, el av\u00e2nd responsabilitatea pentru securitatea liderului cartelului \u0219i coordon\u00e2nd produc\u021bia \u0219i traficul de droguri \u00een diverse regiuni, printre care Jalisco, Nayarit, statul Mexico \u0219i Zacatecas. De asemenea, Flores Silva a fost arestat anterior \u00een SUA, unde a executat o pedeaps\u0103 de cinci ani pentru trafic de droguri. Ulterior, \u00een 2016, a fost re\u021binut \u0219i \u00een Mexic pentru implicarea \u00eentr-un atac asupra poli\u021biei, fiind eliberat trei ani mai t\u00e2rziu.<\/p>\n<p>Capturarea lui Flores Silva survine la doar dou\u0103 luni dup\u0103 moartea lui \u201eEl Mencho\u201d \u00een urma unei opera\u021biuni militare majore. Acest eveniment a generat un val de violen\u021be, inclusiv incendieri de vehicule, atacuri asupra afacerilor \u0219i blocaje rutiere, soldate cu peste 70 de mor\u021bi, printre care \u0219i membri ai G\u0103rzii Na\u021bionale. \u00cen ciuda acestor violen\u021be, autorit\u0103\u021bile mexicane au considerat eliminarea liderului cartelului un succes semnificativ \u00een lupta \u00eempotriva crimei organizate, \u00een contextul unei abord\u0103ri mai dure adoptate de administra\u021bia pre\u0219edintei Claudia Sheinbaum fa\u021b\u0103 de carteluri.<\/p>\n<p>Ambasadorul SUA \u00een Mexic, Ronald Johnson, a salutat capturarea, declar\u00e2nd c\u0103 aceasta reprezint\u0103 \u201eun pas important\u201d \u00een lupta \u00eempotriva re\u021belelor implicate \u00een traficul de fentanyl. Potrivit Drug Enforcement Administration, cartelul Jalisco \u00ee\u0219i desf\u0103\u0219oar\u0103 activitatea \u00een majoritatea statelor mexicane \u0219i \u0219i-a extins influen\u021ba \u00een aproximativ 100 de \u021b\u0103ri, inclusiv \u00een Statele Unite. Totu\u0219i, exper\u021bii avertizeaz\u0103 c\u0103 astfel de ac\u021biuni nu sunt suficiente pentru distrugerea complet\u0103 a cartelurilor. Analistul de securitate David Saucedo a subliniat c\u0103 aceste grup\u0103ri au capacitatea de a se reinventa rapid, chiar \u0219i dup\u0103 pierderea liderilor. Astfel, cartelul <a href=\"https:\/\/www.mediafax.ro\/externe\/liderul-cartelului-jalisco-el-mencho-inmormantat-intr-un-sicriu-de-aur-la-guadalajara-23696146\" target=\"_blank\" rel=\"noopener\">Jalisco New Generation<\/a> continu\u0103 s\u0103 fie una dintre cele mai influente organiza\u021bii criminale din emisfera vestic\u0103.<\/p>\n","protected":false},"excerpt":{"rendered":"<p>Audias Flores Silva, cunoscut sub diverse denumiri, precum \u201eEl Jardinero\u201d sau \u201eThe Gardener\u201d, a fost capturat de c\u0103tre armata mexican\u0103 \u00een statul Nayarit. Acesta se ascundea \u00eentr-un \u0219an\u021b de pe marginea drumului, \u00een apropierea localit\u0103\u021bii El Mirador, conform informa\u021biilor furnizate de Euronews. Autorit\u0103\u021bile au confirmat c\u0103 opera\u021biunea s-a desf\u0103\u0219urat f\u0103r\u0103 a \u00eenregistra victime sau r\u0103ni\u021bi. [&hellip;]<\/p>\n","protected":false},"author":2,"featured_media":16380,"comment_status":"open","ping_status":"open","sticky":false,"template":"","format":"standard","meta":{"jnews-multi-image_gallery":[],"jnews_single_post":[],"jnews_primary_category":[],"jnews_override_counter":[],"footnotes":""},"categories":[39],"tags":[18677,4912,7844,18678,18679,18680,559,555],"class_list":["post-16379","post","type-post","status-publish","format-standard","has-post-thumbnail","hentry","category-stirile-zilei","tag-audias-flores-silva","tag-capturare","tag-cartel","tag-el-jardinero","tag-nayerit","tag-nemesio-oseguera-cervantes","tag-recompensa","tag-trafic-de-droguri"],"_links":{"self":[{"href":"https:\/\/www.newsrecorder.ro\/app\/wp-json\/wp\/v2\/posts\/16379","targetHints":{"allow":["GET"]}}],"collection":[{"href":"https:\/\/www.newsrecorder.ro\/app\/wp-json\/wp\/v2\/posts"}],"about":[{"href":"https:\/\/www.newsrecorder.ro\/app\/wp-json\/wp\/v2\/types\/post"}],"author":[{"embeddable":true,"href":"https:\/\/www.newsrecorder.ro\/app\/wp-json\/wp\/v2\/users\/2"}],"replies":[{"embeddable":true,"href":"https:\/\/www.newsrecorder.ro\/app\/wp-json\/wp\/v2\/comments?post=16379"}],"version-history":[{"count":0,"href":"https:\/\/www.newsrecorder.ro\/app\/wp-json\/wp\/v2\/posts\/16379\/revisions"}],"wp:featuredmedia":[{"embeddable":true,"href":"https:\/\/www.newsrecorder.ro\/app\/wp-json\/wp\/v2\/media\/16380"}],"wp:attachment":[{"href":"https:\/\/www.newsrecorder.ro\/app\/wp-json\/wp\/v2\/media?parent=16379"}],"wp:term":[{"taxonomy":"category","embeddable":true,"href":"https:\/\/www.newsrecorder.ro\/app\/wp-json\/wp\/v2\/categories?post=16379"},{"taxonomy":"post_tag","embeddable":true,"href":"https:\/\/www.newsrecorder.ro\/app\/wp-json\/wp\/v2\/tags?post=16379"}],"curies":[{"name":"wp","href":"https:\/\/api.w.org\/{rel}","templated":true}]}}