{"id":16383,"date":"2026-04-28T11:06:55","date_gmt":"2026-04-28T11:06:55","guid":{"rendered":"https:\/\/www.newsrecorder.ro\/app\/2026\/04\/28\/ciresele-au-sosit-pretul-socant-180-lei-kg\/"},"modified":"2026-04-28T11:06:55","modified_gmt":"2026-04-28T11:06:55","slug":"ciresele-au-sosit-pretul-socant-180-lei-kg","status":"publish","type":"post","link":"https:\/\/www.newsrecorder.ro\/app\/2026\/04\/28\/ciresele-au-sosit-pretul-socant-180-lei-kg\/","title":{"rendered":"Cire\u0219ele au sosit! Pre\u021bul \u0219ocant: 180 lei\/kg!"},"content":{"rendered":"<p>Cire\u0219ele au \u00eenceput s\u0103 apar\u0103 pe tarabele din pie\u021bele din Rom\u00e2nia, \u00eens\u0103, din p\u0103cate, acestea sunt exclusiv de import.<\/p>\n<p>\u00cen Pia\u021ba Cibin din Sibiu, pre\u021bul unui kilogram de cire\u0219e ajunge la 180 de lei, conform unui articol publicat de <a href=\"https:\/\/www.oradesibiu.ro\/2026\/04\/28\/cirese-cu-180-lei-kilogramul-in-piata-cibin-gravidele-printre-clientii-fideli-video-foto\/\">Ora de Sibiu<\/a>. Maria, o v\u00e2nz\u0103toare din pia\u021b\u0103, a declarat c\u0103 cire\u0219ele sale se v\u00e2nd extrem de bine, chiar \u0219i la un pre\u021b at\u00e2t de ridicat.<\/p>\n<p>\u201eAvem clien\u021bi care revin. Mai avem doar c\u00e2teva cire\u0219e, dar vom aduce mai multe joi dup\u0103-amiaz\u0103. Cire\u0219ele rom\u00e2ne\u0219ti nu vor fi disponibile mai devreme de o lun\u0103 \u0219i jum\u0103tate,\u201d a ad\u0103ugat Maria.<\/p>\n<p>\u00cen ceea ce prive\u0219te c\u0103p\u0219unile, acestea sunt aduse din Grecia \u0219i Spania, iar \u00een Ia\u0219i pre\u021bul variaz\u0103 \u00eentre 30 \u0219i 45 de lei pe kilogram, cu cinci lei mai mult dec\u00e2t \u00een anul precedent. Se estimeaz\u0103 c\u0103, pe parcursul sezonului, pre\u021bul c\u0103p\u0219unilor ar putea sc\u0103dea chiar \u0219i cu 15 lei.<\/p>\n<p>Referitor la cire\u0219ele rom\u00e2ne\u0219ti, se preconizeaz\u0103 o recolt\u0103 bogat\u0103, ceea ce ar putea conduce la sc\u0103derea pre\u021burilor pentru clien\u021bi. Produc\u0103torii sunt optimi\u0219ti, av\u00e2nd \u00een vedere c\u0103 cire\u0219ii au \u00eenflorit bine \u0219i c\u0103 vremea este favorabil\u0103. Clien\u021bii rom\u00e2ni nu au dec\u00e2t s\u0103 a\u0219tepte apari\u021bia cire\u0219elor autohtone.<\/p>\n<p>Anul trecut, o brum\u0103 din luna aprilie a afectat grav produc\u021bia de cire\u0219e, ceea ce a dus la cre\u0219terea pre\u021burilor. \u00centre timp, rom\u00e2nii se mul\u021bumesc cu cire\u0219ele scumpe de import.<\/p>\n<p>Maria, v\u00e2nz\u0103toarea din Pia\u021ba Cibin, continu\u0103 s\u0103-\u0219i promoveze produsele, \u00eencuraj\u00e2nd clien\u021bii s\u0103 guste \u00eenainte de a cump\u0103ra:<\/p>\n<p>\u201eSunt extraordinar de gustoase. V\u0103 ve\u021bi convinge c\u00e2nd le ve\u021bi gusta. \u00cei invit pe to\u021bi s\u0103 vin\u0103 s\u0103 \u00eencerce. Aceste cire\u0219e sunt foarte bune, chiar comparabile cu cele rom\u00e2ne\u0219ti care vor ap\u0103rea la \u00eenceputul sezonului,\u201d a spus ea pentru Ora de Sibiu.<\/p>\n","protected":false},"excerpt":{"rendered":"<p>Cire\u0219ele au \u00eenceput s\u0103 apar\u0103 pe tarabele din pie\u021bele din Rom\u00e2nia, \u00eens\u0103, din p\u0103cate, acestea sunt exclusiv de import. \u00cen Pia\u021ba Cibin din Sibiu, pre\u021bul unui kilogram de cire\u0219e ajunge la 180 de lei, conform unui articol publicat de Ora de Sibiu. Maria, o v\u00e2nz\u0103toare din pia\u021b\u0103, a declarat c\u0103 cire\u0219ele sale se v\u00e2nd extrem [&hellip;]<\/p>\n","protected":false},"author":2,"featured_media":16384,"comment_status":"open","ping_status":"open","sticky":false,"template":"","format":"standard","meta":{"jnews-multi-image_gallery":[],"jnews_single_post":[],"jnews_primary_category":[],"jnews_override_counter":[],"footnotes":""},"categories":[39],"tags":[18683,18682,12703,2098,3687,15901,149,3934],"class_list":["post-16383","post","type-post","status-publish","format-standard","has-post-thumbnail","hentry","category-stirile-zilei","tag-capsuni","tag-cirese","tag-import","tag-piata","tag-pret","tag-recolta","tag-romania","tag-sibiu"],"_links":{"self":[{"href":"https:\/\/www.newsrecorder.ro\/app\/wp-json\/wp\/v2\/posts\/16383","targetHints":{"allow":["GET"]}}],"collection":[{"href":"https:\/\/www.newsrecorder.ro\/app\/wp-json\/wp\/v2\/posts"}],"about":[{"href":"https:\/\/www.newsrecorder.ro\/app\/wp-json\/wp\/v2\/types\/post"}],"author":[{"embeddable":true,"href":"https:\/\/www.newsrecorder.ro\/app\/wp-json\/wp\/v2\/users\/2"}],"replies":[{"embeddable":true,"href":"https:\/\/www.newsrecorder.ro\/app\/wp-json\/wp\/v2\/comments?post=16383"}],"version-history":[{"count":0,"href":"https:\/\/www.newsrecorder.ro\/app\/wp-json\/wp\/v2\/posts\/16383\/revisions"}],"wp:featuredmedia":[{"embeddable":true,"href":"https:\/\/www.newsrecorder.ro\/app\/wp-json\/wp\/v2\/media\/16384"}],"wp:attachment":[{"href":"https:\/\/www.newsrecorder.ro\/app\/wp-json\/wp\/v2\/media?parent=16383"}],"wp:term":[{"taxonomy":"category","embeddable":true,"href":"https:\/\/www.newsrecorder.ro\/app\/wp-json\/wp\/v2\/categories?post=16383"},{"taxonomy":"post_tag","embeddable":true,"href":"https:\/\/www.newsrecorder.ro\/app\/wp-json\/wp\/v2\/tags?post=16383"}],"curies":[{"name":"wp","href":"https:\/\/api.w.org\/{rel}","templated":true}]}}