{"id":16395,"date":"2026-04-28T11:09:19","date_gmt":"2026-04-28T11:09:19","guid":{"rendered":"https:\/\/www.newsrecorder.ro\/app\/2026\/04\/28\/tanczos-barna-romania-nu-se-confrunta-cu-o-criza-de-motorina\/"},"modified":"2026-04-28T11:09:19","modified_gmt":"2026-04-28T11:09:19","slug":"tanczos-barna-romania-nu-se-confrunta-cu-o-criza-de-motorina","status":"publish","type":"post","link":"https:\/\/www.newsrecorder.ro\/app\/2026\/04\/28\/tanczos-barna-romania-nu-se-confrunta-cu-o-criza-de-motorina\/","title":{"rendered":"T\u00e1nczos Barna: Rom\u00e2nia nu se confrunt\u0103 cu o criz\u0103 de motorin\u0103!"},"content":{"rendered":"<p>Ministrul interimar al Agriculturii, T\u00e1nczos Barna, a oferit mar\u021bi informa\u021bii importante cu privire la situa\u021bia motorinei \u00een Rom\u00e2nia, subliniind c\u0103 \u021bara noastr\u0103 nu se confrunt\u0103 cu o criz\u0103 de carburant. Cu toate acestea, el a men\u021bionat c\u0103 anumite probleme locale ar putea ap\u0103rea din cauza disfunc\u021bionalit\u0103\u021bilor \u00een distribu\u021bie.<\/p>\n<p>\u00cen cadrul unei conferin\u021be de pres\u0103, ministrul a clarificat c\u0103 responsabilitatea aprovizion\u0103rii sta\u021biilor de carburant revine furnizorilor, care trebuie s\u0103 se asigure c\u0103 transportul \u0219i livrarea carburantului se desf\u0103\u0219oar\u0103 conform programului stabilit.<\/p>\n<p>\u201eSuntem practic \u00eenconjura\u021bi de aceast\u0103 criz\u0103. Observ\u0103m cum se comport\u0103 sta\u021biile de alimentare. Ieri, am avut mai multe discu\u021bii cu furnizorii de motorin\u0103, adres\u00e2ndu-le un apel s\u0103 asigure logistic\u0103 \u0219i livrare la timp, pentru a evita situa\u021bia \u00een care fermierii nu au unde s\u0103 alimenteze. Din p\u0103cate, au existat zile recente c\u00e2nd, pe o raz\u0103 de 50 km, motorina nu era disponibil\u0103. Aceste situa\u021bii trebuie evitate, iar responsabilitatea revine acelor companii care trebuie s\u0103 gestioneze logistica. \u00cen\u021beleg c\u0103 fluctua\u021biile de pre\u021b pot determina comportamente neobi\u0219nuite din partea consumatorilor, cum ar fi alimentarea excesiv\u0103 atunci c\u00e2nd observ\u0103 pre\u021buri mai mici sau diferen\u021be de pre\u021b \u00eentre sta\u021bii\u201d, a explicat T\u00e1nczos.<\/p>\n<p>\u00cen plus, Barna a subliniat c\u0103 lipsa temporar\u0103 de carburant \u00eentr-o anumit\u0103 zon\u0103 nu trebuie interpretat\u0103 ca o criz\u0103 general\u0103, ci mai degrab\u0103 ca probleme punctuale legate de livrare.<\/p>\n<p>\u201e\u00cenc\u0103 o dat\u0103, am primit asigur\u0103ri c\u0103 nu exist\u0103 o criz\u0103 de motorin\u0103 \u00een Rom\u00e2nia. Cea mai mare problem\u0103 este disfunc\u021bionalitatea logistic\u0103, care afecteaz\u0103 livrarea la timp a combustibilului \u00een sta\u021biile unde se simte o presiune din partea consumatorilor\u201d, a conchis ministrul interimar al Agriculturii.<\/p>\n","protected":false},"excerpt":{"rendered":"<p>Ministrul interimar al Agriculturii, T\u00e1nczos Barna, a oferit mar\u021bi informa\u021bii importante cu privire la situa\u021bia motorinei \u00een Rom\u00e2nia, subliniind c\u0103 \u021bara noastr\u0103 nu se confrunt\u0103 cu o criz\u0103 de carburant. Cu toate acestea, el a men\u021bionat c\u0103 anumite probleme locale ar putea ap\u0103rea din cauza disfunc\u021bionalit\u0103\u021bilor \u00een distribu\u021bie. \u00cen cadrul unei conferin\u021be de pres\u0103, ministrul [&hellip;]<\/p>\n","protected":false},"author":2,"featured_media":16396,"comment_status":"open","ping_status":"open","sticky":false,"template":"","format":"standard","meta":{"jnews-multi-image_gallery":[],"jnews_single_post":[],"jnews_primary_category":[],"jnews_override_counter":[],"footnotes":""},"categories":[39],"tags":[467,18698,2795,529,4373,2677,8967,18699],"class_list":["post-16395","post","type-post","status-publish","format-standard","has-post-thumbnail","hentry","category-stirile-zilei","tag-agricultura","tag-criza-de-carburant","tag-distributie","tag-furnizori","tag-livrare","tag-logistica","tag-motorina","tag-statii-de-alimentare"],"_links":{"self":[{"href":"https:\/\/www.newsrecorder.ro\/app\/wp-json\/wp\/v2\/posts\/16395","targetHints":{"allow":["GET"]}}],"collection":[{"href":"https:\/\/www.newsrecorder.ro\/app\/wp-json\/wp\/v2\/posts"}],"about":[{"href":"https:\/\/www.newsrecorder.ro\/app\/wp-json\/wp\/v2\/types\/post"}],"author":[{"embeddable":true,"href":"https:\/\/www.newsrecorder.ro\/app\/wp-json\/wp\/v2\/users\/2"}],"replies":[{"embeddable":true,"href":"https:\/\/www.newsrecorder.ro\/app\/wp-json\/wp\/v2\/comments?post=16395"}],"version-history":[{"count":0,"href":"https:\/\/www.newsrecorder.ro\/app\/wp-json\/wp\/v2\/posts\/16395\/revisions"}],"wp:featuredmedia":[{"embeddable":true,"href":"https:\/\/www.newsrecorder.ro\/app\/wp-json\/wp\/v2\/media\/16396"}],"wp:attachment":[{"href":"https:\/\/www.newsrecorder.ro\/app\/wp-json\/wp\/v2\/media?parent=16395"}],"wp:term":[{"taxonomy":"category","embeddable":true,"href":"https:\/\/www.newsrecorder.ro\/app\/wp-json\/wp\/v2\/categories?post=16395"},{"taxonomy":"post_tag","embeddable":true,"href":"https:\/\/www.newsrecorder.ro\/app\/wp-json\/wp\/v2\/tags?post=16395"}],"curies":[{"name":"wp","href":"https:\/\/api.w.org\/{rel}","templated":true}]}}