{"id":16403,"date":"2026-04-28T14:39:25","date_gmt":"2026-04-28T14:39:25","guid":{"rendered":"https:\/\/www.newsrecorder.ro\/app\/2026\/04\/28\/romania-trimite-o-echipa-de-elita-la-europenele-de-gimnastica-ritmica\/"},"modified":"2026-04-28T14:39:25","modified_gmt":"2026-04-28T14:39:25","slug":"romania-trimite-o-echipa-de-elita-la-europenele-de-gimnastica-ritmica","status":"publish","type":"post","link":"https:\/\/www.newsrecorder.ro\/app\/2026\/04\/28\/romania-trimite-o-echipa-de-elita-la-europenele-de-gimnastica-ritmica\/","title":{"rendered":"Rom\u00e2nia trimite o echip\u0103 de elit\u0103 la Europenele de gimnastic\u0103 ritmic\u0103!"},"content":{"rendered":"<p>\u00cen competi\u021bia individual\u0103 dedicat\u0103 senioarelor, Rom\u00e2nia se va l\u0103uda cu dou\u0103 reprezentante talentate: Amalia Lic\u0103 \u0219i Andreea Verde\u0219. Anun\u021bul a fost f\u0103cut mar\u021bi de Federa\u021bia European\u0103 de Gimnastic\u0103, care a prezentat lista oficial\u0103 a participan\u021bilor. Ambele gimnaste rom\u00e2nce sunt preg\u0103tite s\u0103 concureze la toate cele patru aparate: cerc, minge, m\u0103ciuci \u0219i panglic\u0103.<\/p>\n<p>Amalia Lic\u0103, \u00een v\u00e2rst\u0103 de doar 16 ani, a avut un debut impresionant la categoria senioare, reu\u0219ind s\u0103 c\u00e2\u0219tige medalia de argint la m\u0103ciuci \u00een cadrul Campionatului Mondial desf\u0103\u0219urat \u00een Rio de Janeiro, Brazilia. Aceast\u0103 performan\u021b\u0103 a fost remarcabil\u0103, fiind prima medalie mondial\u0103 ob\u021binut\u0103 de Rom\u00e2nia dup\u0103 o pauz\u0103 de 33 de ani. Lic\u0103 a participat \u0219i la finala individual\u0103, \u00eencheind competi\u021bia pe locul 17.<\/p>\n<p>De cealalt\u0103 parte, Andreea Verde\u0219, o gimnast\u0103 de 25 de ani din Ia\u0219i, se num\u0103r\u0103 printre cele mai experimentate sportive din echipa de gimnastic\u0103 ritmic\u0103 a Rom\u00e2niei. Anul acesta, Verde\u0219 a \u00eenceput sezonul \u00eentr-o form\u0103 excelent\u0103, ob\u021bin\u00e2nd o medalie de argint la individual la Aphrodite Cup din Atena.<\/p>\n<p>Pe l\u00e2ng\u0103 competi\u021bia individual\u0103, Rom\u00e2nia va fi reprezentat\u0103 \u0219i \u00een proba de ansamblu la senioare. Echipa este format\u0103 din Anisia Dr\u0103gan, Elena Mur\u0103rescu, Izabela Tilinc\u0103, Anca S\u00eerbu, Larisa Gheorghe \u0219i Teodora Potf\u0103lean, care sunt preg\u0103tite s\u0103 aduc\u0103 noi succese \u021b\u0103rii noastre.<\/p>\n<p>\u00cen categoria junioare, delega\u021bia Rom\u00e2niei \u00eei include pe Rebecca Ulvoczki \u0219i Patricia Stanciu. Patricia va concura la trei aparate: cerc, minge \u0219i m\u0103ciuci, \u00een timp ce Rebecca va participa la proba de panglic\u0103.<\/p>\n<p>Competi\u021bia de la Varna promite a fi una intens\u0103, cu rivale puternice printre favoritele la medalii, printre care se num\u0103r\u0103 bulg\u0103roaica Stiliana Nikolova, ucraineanca Taisiia Onofriichuk, germanca Darja Varfolomeev \u0219i italianca Sofia Raffaeli.<\/p>\n","protected":false},"excerpt":{"rendered":"<p>\u00cen competi\u021bia individual\u0103 dedicat\u0103 senioarelor, Rom\u00e2nia se va l\u0103uda cu dou\u0103 reprezentante talentate: Amalia Lic\u0103 \u0219i Andreea Verde\u0219. Anun\u021bul a fost f\u0103cut mar\u021bi de Federa\u021bia European\u0103 de Gimnastic\u0103, care a prezentat lista oficial\u0103 a participan\u021bilor. Ambele gimnaste rom\u00e2nce sunt preg\u0103tite s\u0103 concureze la toate cele patru aparate: cerc, minge, m\u0103ciuci \u0219i panglic\u0103. Amalia Lic\u0103, \u00een [&hellip;]<\/p>\n","protected":false},"author":6,"featured_media":16404,"comment_status":"open","ping_status":"open","sticky":false,"template":"","format":"standard","meta":{"jnews-multi-image_gallery":[],"jnews_single_post":[],"jnews_primary_category":[],"jnews_override_counter":[],"footnotes":""},"categories":[46],"tags":[18703,18704,18705,56,13028,95,149,13030],"class_list":["post-16403","post","type-post","status-publish","format-standard","has-post-thumbnail","hentry","category-sport","tag-amalia-lica","tag-andreea-verdes","tag-aparat","tag-competitie","tag-gimnastica","tag-medalii","tag-romania","tag-senioare"],"_links":{"self":[{"href":"https:\/\/www.newsrecorder.ro\/app\/wp-json\/wp\/v2\/posts\/16403","targetHints":{"allow":["GET"]}}],"collection":[{"href":"https:\/\/www.newsrecorder.ro\/app\/wp-json\/wp\/v2\/posts"}],"about":[{"href":"https:\/\/www.newsrecorder.ro\/app\/wp-json\/wp\/v2\/types\/post"}],"author":[{"embeddable":true,"href":"https:\/\/www.newsrecorder.ro\/app\/wp-json\/wp\/v2\/users\/6"}],"replies":[{"embeddable":true,"href":"https:\/\/www.newsrecorder.ro\/app\/wp-json\/wp\/v2\/comments?post=16403"}],"version-history":[{"count":0,"href":"https:\/\/www.newsrecorder.ro\/app\/wp-json\/wp\/v2\/posts\/16403\/revisions"}],"wp:featuredmedia":[{"embeddable":true,"href":"https:\/\/www.newsrecorder.ro\/app\/wp-json\/wp\/v2\/media\/16404"}],"wp:attachment":[{"href":"https:\/\/www.newsrecorder.ro\/app\/wp-json\/wp\/v2\/media?parent=16403"}],"wp:term":[{"taxonomy":"category","embeddable":true,"href":"https:\/\/www.newsrecorder.ro\/app\/wp-json\/wp\/v2\/categories?post=16403"},{"taxonomy":"post_tag","embeddable":true,"href":"https:\/\/www.newsrecorder.ro\/app\/wp-json\/wp\/v2\/tags?post=16403"}],"curies":[{"name":"wp","href":"https:\/\/api.w.org\/{rel}","templated":true}]}}