{"id":16405,"date":"2026-04-28T14:39:46","date_gmt":"2026-04-28T14:39:46","guid":{"rendered":"https:\/\/www.newsrecorder.ro\/app\/2026\/04\/28\/nadia-comaneci-se-intoarce-acasa-la-onesti-o-intalnire-emotionanta\/"},"modified":"2026-04-28T14:39:46","modified_gmt":"2026-04-28T14:39:46","slug":"nadia-comaneci-se-intoarce-acasa-la-onesti-o-intalnire-emotionanta","status":"publish","type":"post","link":"https:\/\/www.newsrecorder.ro\/app\/2026\/04\/28\/nadia-comaneci-se-intoarce-acasa-la-onesti-o-intalnire-emotionanta\/","title":{"rendered":"Nadia Com\u0103neci se \u00eentoarce acas\u0103 la One\u0219ti: O \u00eent\u00e2lnire emo\u021bionant\u0103!"},"content":{"rendered":"<p>\u201eCupa interna\u021bional\u0103 Nadia Com\u0103neci \u2013 Perfect 10\u201d se anun\u021b\u0103 a fi o competi\u021bie de gimnastic\u0103 feminin\u0103 dedicat\u0103 tinerelor talente, desf\u0103\u0219urat\u0103 la Sala Polivalent\u0103 Nadia Com\u0103neci. La acest eveniment vor participa peste 200 de sportivi juniori din diverse col\u021buri ale lumii, inclusiv din Rom\u00e2nia, SUA, Canada, Hong Kong, Italia, Fran\u021ba, Norvegia, Nigeria \u0219i Malta.<\/p>\n<p>Un moment de v\u00e2rf al competi\u021biei va avea loc pe 31 mai, c\u00e2nd se va desf\u0103\u0219ura \u201eGala Campioanelor\u201d pe stadionul Carom. Aceasta va celebra excelen\u021ba \u00een gimnastic\u0103, reunind marile gimnaste ale Rom\u00e2niei care \u0219i-au \u00eenceput cariera \u0219i s-au format la One\u0219ti.<\/p>\n<p>Ingrid Istrate, directoarea CSM One\u0219ti, a subliniat importan\u021ba acestui eveniment: \u201eOne\u0219ti va fi mereu acas\u0103 pentru Nadia \u0219i o a\u0219tept\u0103m cu ner\u0103bdare pentru a o s\u0103rb\u0103tori. Celebrarea a 50 de ani de la Jocurile Olimpice de la Montreal, unde a marcat istoria sportului, ofer\u0103 o oportunitate perfect\u0103 pentru a-i ar\u0103ta c\u00e2t de mult este iubit\u0103 aici. Nadia a avut \u00eentotdeauna la One\u0219ti o familie care a sus\u021binut-o de-a lungul vie\u021bii. Va fi o ocazie de a celebra talentul \u0219i o \u00eent\u00e2lnire simbolic\u0103 a genera\u021biilor \u00een locul unde s-a n\u0103scut perfec\u021biunea \u0219i unde continu\u0103m s\u0103 form\u0103m talente interna\u021bionale.\u201d<\/p>\n<p>Pe l\u00e2ng\u0103 evenimentele competi\u021bionale, Nadia Com\u0103neci va fi prezent\u0103 \u0219i la Sports Festival 2026, unde va sus\u021bine un masterclass special. Aceasta se va desf\u0103\u0219ura duminic\u0103, 14 iunie, de la ora 13.00, la BTarena din Cluj-Napoca. Aceast\u0103 ocazie va permite participan\u021bilor s\u0103 \u00eenve\u021be din experien\u021ba unei campioane care a revolu\u021bionat gimnastica prin primul 10 perfect ob\u021binut la Jocurile Olimpice.<\/p>\n<p>Nadia a declarat: \u201eUneori este nevoie de doar c\u00e2teva secunde pentru a schimba o via\u021b\u0103. 17 secunde. At\u00e2t a durat exerci\u021biul care mi-a schimbat via\u021ba \u0219i istoria gimnasticii mondiale. \u00cens\u0103, \u00een spatele acestor 17 secunde s-au aflat milioane de ore de antrenamente. Pentru mine, sportul a \u00eensemnat mai mult dec\u00e2t medaliile \u0219i primul 10; a fost despre disciplin\u0103, curaj \u0219i dorin\u021ba de a deveni mai bun\u0103 \u00een fiecare zi. V\u0103 a\u0219tept la Masterclass-ul din cadrul Sports Festival, unde v\u0103 voi \u00eemp\u0103rt\u0103\u0219i lec\u021bii din sport \u0219i din via\u021ba mea, care pot fi aplicate \u00een orice domeniu. Va fi o \u00eent\u00e2lnire sincer\u0103, un dialog deschis \u0219i, sper, o surs\u0103 de inspira\u021bie \u0219i motiva\u021bie pentru to\u021bi cei care cred \u00een puterea visurilor realizate prin munc\u0103 \u0219i pasiune.\u201d<\/p>\n<p>Masterclass-ul de la Cluj-Napoca le va oferi participan\u021bilor oportunitatea de a interac\u021biona direct cu Nadia Com\u0103neci, o legend\u0103 a sportului ce a devenit simbol pentru numeroase genera\u021bii. Evenimentul va aborda teme esen\u021biale precum disciplina, presiunea competi\u021biilor majore, echilibrul emo\u021bional, motiva\u021bia \u0219i traseul unei cariere de succes la cel mai \u00eenalt nivel.<\/p>\n","protected":false},"excerpt":{"rendered":"<p>\u201eCupa interna\u021bional\u0103 Nadia Com\u0103neci \u2013 Perfect 10\u201d se anun\u021b\u0103 a fi o competi\u021bie de gimnastic\u0103 feminin\u0103 dedicat\u0103 tinerelor talente, desf\u0103\u0219urat\u0103 la Sala Polivalent\u0103 Nadia Com\u0103neci. La acest eveniment vor participa peste 200 de sportivi juniori din diverse col\u021buri ale lumii, inclusiv din Rom\u00e2nia, SUA, Canada, Hong Kong, Italia, Fran\u021ba, Norvegia, Nigeria \u0219i Malta. Un moment [&hellip;]<\/p>\n","protected":false},"author":6,"featured_media":16406,"comment_status":"open","ping_status":"open","sticky":false,"template":"","format":"standard","meta":{"jnews-multi-image_gallery":[],"jnews_single_post":[],"jnews_primary_category":[],"jnews_override_counter":[],"footnotes":""},"categories":[46],"tags":[18706,9835,18707,5656,6258,18709,18708,15020],"class_list":["post-16405","post","type-post","status-publish","format-standard","has-post-thumbnail","hentry","category-sport","tag-cupa-internationala","tag-excelenta","tag-gala-campioanelor","tag-gimnastica-feminina","tag-nadia-comaneci","tag-onesti","tag-sportivi-juniori","tag-talente"],"_links":{"self":[{"href":"https:\/\/www.newsrecorder.ro\/app\/wp-json\/wp\/v2\/posts\/16405","targetHints":{"allow":["GET"]}}],"collection":[{"href":"https:\/\/www.newsrecorder.ro\/app\/wp-json\/wp\/v2\/posts"}],"about":[{"href":"https:\/\/www.newsrecorder.ro\/app\/wp-json\/wp\/v2\/types\/post"}],"author":[{"embeddable":true,"href":"https:\/\/www.newsrecorder.ro\/app\/wp-json\/wp\/v2\/users\/6"}],"replies":[{"embeddable":true,"href":"https:\/\/www.newsrecorder.ro\/app\/wp-json\/wp\/v2\/comments?post=16405"}],"version-history":[{"count":0,"href":"https:\/\/www.newsrecorder.ro\/app\/wp-json\/wp\/v2\/posts\/16405\/revisions"}],"wp:featuredmedia":[{"embeddable":true,"href":"https:\/\/www.newsrecorder.ro\/app\/wp-json\/wp\/v2\/media\/16406"}],"wp:attachment":[{"href":"https:\/\/www.newsrecorder.ro\/app\/wp-json\/wp\/v2\/media?parent=16405"}],"wp:term":[{"taxonomy":"category","embeddable":true,"href":"https:\/\/www.newsrecorder.ro\/app\/wp-json\/wp\/v2\/categories?post=16405"},{"taxonomy":"post_tag","embeddable":true,"href":"https:\/\/www.newsrecorder.ro\/app\/wp-json\/wp\/v2\/tags?post=16405"}],"curies":[{"name":"wp","href":"https:\/\/api.w.org\/{rel}","templated":true}]}}