{"id":16409,"date":"2026-04-28T14:40:29","date_gmt":"2026-04-28T14:40:29","guid":{"rendered":"https:\/\/www.newsrecorder.ro\/app\/2026\/04\/28\/fifa-propune-schimbari-surprinzatoare-la-regulile-cartonaselor-galbene\/"},"modified":"2026-04-28T14:40:29","modified_gmt":"2026-04-28T14:40:29","slug":"fifa-propune-schimbari-surprinzatoare-la-regulile-cartonaselor-galbene","status":"publish","type":"post","link":"https:\/\/www.newsrecorder.ro\/app\/2026\/04\/28\/fifa-propune-schimbari-surprinzatoare-la-regulile-cartonaselor-galbene\/","title":{"rendered":"FIFA propune schimb\u0103ri surprinz\u0103toare la regulile cartona\u0219elor galbene!"},"content":{"rendered":"<p>FIFA pl\u0103nuie\u0219te s\u0103 introduc\u0103 o a doua perioad\u0103 de \u201eamnistie\u201d pentru cartona\u0219ele galbene \u00een cadrul Campionatului Mondial din 2026, conform unui raport publicat luni de The Athletic, citat de <a style=\"color: #0000ff\" href=\"https:\/\/www.lefigaro.fr\/sports\/football\/coupe-du-monde\/coupe-du-monde-2026-la-fifa-va-alleger-son-reglement-sur-les-cartons-jaunes-20260428\" target=\"_blank\" rel=\"noopener\">Le Figaro<\/a>.<\/p>\n<p>Consiliul FIFA se va reuni mar\u021bi \u00een Vancouver pentru a analiza noile reglement\u0103ri, av\u00e2nd \u00een vedere c\u0103 acest turneu va marca o premier\u0103 \u00een istoria Campionatului Mondial, desf\u0103\u0219ur\u00e2ndu-se cu 48 de echipe.<\/p>\n<p>Conform surselor, noua amnistie ar avea rolul de a diminua riscul ca juc\u0103torii s\u0103 fie suspenda\u021bi \u0219i s\u0103 rateze meciurile din faza eliminatorie din cauza acumul\u0103rii de cartona\u0219e galbene.<\/p>\n<p>\u00cen edi\u021biile anterioare ale Campionatului Mondial, cartona\u0219ele galbene primite de juc\u0103tori erau anulate dup\u0103 sferturile de final\u0103. Cu toate acestea, FIFA inten\u021bioneaz\u0103 ca, de data aceasta, acestea s\u0103 fie \u0219terse la finalul fazei grupelor \u0219i, de asemenea, dup\u0103 sferturile de final\u0103.<\/p>\n<p>\u00cen mod obi\u0219nuit, un juc\u0103tor care prime\u0219te dou\u0103 cartona\u0219e galbene este suspendat pentru un meci. Cu introducerea celor dou\u0103 perioade de amnistie, un juc\u0103tor va fi sanc\u021bionat \u0219i va fi nevoit s\u0103 stea pe margine doar dac\u0103 acumuleaz\u0103 dou\u0103 cartona\u0219e galbene \u00een cele trei meciuri din faza grupelor sau dou\u0103 cartona\u0219e \u00een faza eliminatorie, \u00eenainte de semifinal\u0103.<\/p>\n","protected":false},"excerpt":{"rendered":"<p>FIFA pl\u0103nuie\u0219te s\u0103 introduc\u0103 o a doua perioad\u0103 de \u201eamnistie\u201d pentru cartona\u0219ele galbene \u00een cadrul Campionatului Mondial din 2026, conform unui raport publicat luni de The Athletic, citat de Le Figaro. Consiliul FIFA se va reuni mar\u021bi \u00een Vancouver pentru a analiza noile reglement\u0103ri, av\u00e2nd \u00een vedere c\u0103 acest turneu va marca o premier\u0103 \u00een [&hellip;]<\/p>\n","protected":false},"author":6,"featured_media":16410,"comment_status":"open","ping_status":"open","sticky":false,"template":"","format":"standard","meta":{"jnews-multi-image_gallery":[],"jnews_single_post":[],"jnews_primary_category":[],"jnews_override_counter":[],"footnotes":""},"categories":[46],"tags":[2907,104,8015,1113,18714,1115,2585,706],"class_list":["post-16409","post","type-post","status-publish","format-standard","has-post-thumbnail","hentry","category-sport","tag-amnistie","tag-campionatul-mondial","tag-cartonase-galbene","tag-echipe","tag-faza-eliminatorie","tag-fifa","tag-reglementari","tag-suspendare"],"_links":{"self":[{"href":"https:\/\/www.newsrecorder.ro\/app\/wp-json\/wp\/v2\/posts\/16409","targetHints":{"allow":["GET"]}}],"collection":[{"href":"https:\/\/www.newsrecorder.ro\/app\/wp-json\/wp\/v2\/posts"}],"about":[{"href":"https:\/\/www.newsrecorder.ro\/app\/wp-json\/wp\/v2\/types\/post"}],"author":[{"embeddable":true,"href":"https:\/\/www.newsrecorder.ro\/app\/wp-json\/wp\/v2\/users\/6"}],"replies":[{"embeddable":true,"href":"https:\/\/www.newsrecorder.ro\/app\/wp-json\/wp\/v2\/comments?post=16409"}],"version-history":[{"count":0,"href":"https:\/\/www.newsrecorder.ro\/app\/wp-json\/wp\/v2\/posts\/16409\/revisions"}],"wp:featuredmedia":[{"embeddable":true,"href":"https:\/\/www.newsrecorder.ro\/app\/wp-json\/wp\/v2\/media\/16410"}],"wp:attachment":[{"href":"https:\/\/www.newsrecorder.ro\/app\/wp-json\/wp\/v2\/media?parent=16409"}],"wp:term":[{"taxonomy":"category","embeddable":true,"href":"https:\/\/www.newsrecorder.ro\/app\/wp-json\/wp\/v2\/categories?post=16409"},{"taxonomy":"post_tag","embeddable":true,"href":"https:\/\/www.newsrecorder.ro\/app\/wp-json\/wp\/v2\/tags?post=16409"}],"curies":[{"name":"wp","href":"https:\/\/api.w.org\/{rel}","templated":true}]}}