{"id":16413,"date":"2026-04-28T14:40:59","date_gmt":"2026-04-28T14:40:59","guid":{"rendered":"https:\/\/www.newsrecorder.ro\/app\/2026\/04\/28\/romania-pilon-esential-in-schimbul-spionilor-aprecieri-din-sua\/"},"modified":"2026-04-28T14:40:59","modified_gmt":"2026-04-28T14:40:59","slug":"romania-pilon-esential-in-schimbul-spionilor-aprecieri-din-sua","status":"publish","type":"post","link":"https:\/\/www.newsrecorder.ro\/app\/2026\/04\/28\/romania-pilon-esential-in-schimbul-spionilor-aprecieri-din-sua\/","title":{"rendered":"\u201eRom\u00e2nia, pilon esen\u021bial \u00een schimbul spionilor: Aprecieri din SUA!\u201d"},"content":{"rendered":"<p>Eliberarea a trei cet\u0103\u021beni polonezi \u0219i a doi cet\u0103\u021beni moldoveni din deten\u021bia din Belarus \u0219i Rusia reprezint\u0103 rezultatul unor eforturi diplomatice sus\u021binute \u0219i al parteneriatelor solide. Ambasada SUA la Bucure\u0219ti, sub conducerea lui Darryl Nirenberg, a subliniat importan\u021ba sprijinului Rom\u00e2niei \u00een realizarea acestui obiectiv.<\/p>\n<p>\u201eMul\u021bumiri speciale partenerilor no\u0219tri rom\u00e2ni pentru sprijinul lor nepre\u021buit\u201d, a declarat ambasadorul SUA la Bucure\u0219ti pe platforma sa de socializare, X. El a eviden\u021biat c\u0103, sub conducerea fostului pre\u0219edinte Trump, acest succes major a fost posibil.<\/p>\n<p>Mesajul a fost amplificat \u0219i de trimisul special al pre\u0219edintelui Trump pentru Belarus, care a mul\u021bumit Rom\u00e2niei pentru contribu\u021bia sa. \u201eAst\u0103zi, \u00een rolul meu de trimis special al pre\u0219edintelui Trump, echipa mea \u0219i cu mine am facilitat eliberarea celor trei polonezi \u0219i a celor doi moldoveni. Acest rezultat istoric a fost posibil datorit\u0103 colabor\u0103rii str\u00e2nse cu parteneri de \u00eencredere \u0219i a sprijinului consistent din partea Rom\u00e2niei, Moldovei \u0219i Poloniei, precum \u0219i a pre\u0219edintelui Luka\u0219enko, care a fost deschis la o colaborare constructiv\u0103 cu Statele Unite\u201d, a afirmat trimisul special.<\/p>\n<p>\u00cen acest context, doi angaja\u021bi ai Serviciului de Informa\u021bii \u0219i Securitate (SIS) din Republica Moldova, care se aflau \u00een captivitate \u00een Rusia, au fost elibera\u021bi gra\u021bie acestui schimb realizat cu ajutorul SUA, Poloniei \u0219i Rom\u00e2niei.<\/p>\n<p>Un element central al acestui schimb a fost <strong><a style=\"color: #0000ff\" href=\"https:\/\/www.mediafax.ro\/stirile-zilei\/multumesc-romaniei-maia-sandu-l-a-gratiat-si-predat-pe-fostul-sef-al-sis-alexandru-balan-in-belarus-la-schimb-cu-un-cetatean-moldovean-captiv-in-rusia-balan-a-fost-acuzat-de-tradare-medierea-23727920\">Alexandru B\u0103lan<\/a><\/strong>, fost adjunct al directorului SIS, care a fost re\u021binut la Bucure\u0219ti \u0219i extr\u0103dat s\u0103pt\u0103m\u00e2na trecut\u0103 de Rom\u00e2nia, fiind acuzat de tr\u0103dare \u00een favoarea Belarusului. Maia Sandu, pre\u0219edintele Republicii Moldova, a decis s\u0103-l gra\u021bieze pentru a facilita extr\u0103darea sa c\u0103tre Belarus. De asemenea, Maia Sandu a exprimat recuno\u0219tin\u021b\u0103 fa\u021b\u0103 de Rom\u00e2nia pentru sprijinul acordat \u00een acest demers.<\/p>\n","protected":false},"excerpt":{"rendered":"<p>Eliberarea a trei cet\u0103\u021beni polonezi \u0219i a doi cet\u0103\u021beni moldoveni din deten\u021bia din Belarus \u0219i Rusia reprezint\u0103 rezultatul unor eforturi diplomatice sus\u021binute \u0219i al parteneriatelor solide. Ambasada SUA la Bucure\u0219ti, sub conducerea lui Darryl Nirenberg, a subliniat importan\u021ba sprijinului Rom\u00e2niei \u00een realizarea acestui obiectiv. \u201eMul\u021bumiri speciale partenerilor no\u0219tri rom\u00e2ni pentru sprijinul lor nepre\u021buit\u201d, a declarat [&hellip;]<\/p>\n","protected":false},"author":2,"featured_media":16414,"comment_status":"open","ping_status":"open","sticky":false,"template":"","format":"standard","meta":{"jnews-multi-image_gallery":[],"jnews_single_post":[],"jnews_primary_category":[],"jnews_override_counter":[],"footnotes":""},"categories":[41],"tags":[7353,1031,18717,18716,454,1747,149,681],"class_list":["post-16413","post","type-post","status-publish","format-standard","has-post-thumbnail","hentry","category-externe","tag-ambasada-sua","tag-belarus","tag-cetateni-moldoveni","tag-cetateni-polonezi","tag-detentie","tag-diplomatie","tag-romania","tag-rusia"],"_links":{"self":[{"href":"https:\/\/www.newsrecorder.ro\/app\/wp-json\/wp\/v2\/posts\/16413","targetHints":{"allow":["GET"]}}],"collection":[{"href":"https:\/\/www.newsrecorder.ro\/app\/wp-json\/wp\/v2\/posts"}],"about":[{"href":"https:\/\/www.newsrecorder.ro\/app\/wp-json\/wp\/v2\/types\/post"}],"author":[{"embeddable":true,"href":"https:\/\/www.newsrecorder.ro\/app\/wp-json\/wp\/v2\/users\/2"}],"replies":[{"embeddable":true,"href":"https:\/\/www.newsrecorder.ro\/app\/wp-json\/wp\/v2\/comments?post=16413"}],"version-history":[{"count":0,"href":"https:\/\/www.newsrecorder.ro\/app\/wp-json\/wp\/v2\/posts\/16413\/revisions"}],"wp:featuredmedia":[{"embeddable":true,"href":"https:\/\/www.newsrecorder.ro\/app\/wp-json\/wp\/v2\/media\/16414"}],"wp:attachment":[{"href":"https:\/\/www.newsrecorder.ro\/app\/wp-json\/wp\/v2\/media?parent=16413"}],"wp:term":[{"taxonomy":"category","embeddable":true,"href":"https:\/\/www.newsrecorder.ro\/app\/wp-json\/wp\/v2\/categories?post=16413"},{"taxonomy":"post_tag","embeddable":true,"href":"https:\/\/www.newsrecorder.ro\/app\/wp-json\/wp\/v2\/tags?post=16413"}],"curies":[{"name":"wp","href":"https:\/\/api.w.org\/{rel}","templated":true}]}}