{"id":16419,"date":"2026-04-28T14:41:50","date_gmt":"2026-04-28T14:41:50","guid":{"rendered":"https:\/\/www.newsrecorder.ro\/app\/2026\/04\/28\/emiratele-arabe-unite-ies-din-opec-pretul-titeiului-coboara-rapid\/"},"modified":"2026-04-28T14:41:50","modified_gmt":"2026-04-28T14:41:50","slug":"emiratele-arabe-unite-ies-din-opec-pretul-titeiului-coboara-rapid","status":"publish","type":"post","link":"https:\/\/www.newsrecorder.ro\/app\/2026\/04\/28\/emiratele-arabe-unite-ies-din-opec-pretul-titeiului-coboara-rapid\/","title":{"rendered":"Emiratele Arabe Unite ies din OPEC, pre\u021bul \u021bi\u021beiului coboar\u0103 rapid!"},"content":{"rendered":"<p><strong><a style=\"color: #0000ff\" href=\"https:\/\/www.wsj.com\/world\/middle-east\/u-a-e-to-leave-opec-opec-2368bbd6?mod=hp_lead_pos1\">Emiratele Arabe Unite au anun\u021bat oficial c\u0103 inten\u021bioneaz\u0103 s\u0103 p\u0103r\u0103seasc\u0103 OPEC \u0219i OPEC+<\/a><\/strong>, \u00eencep\u00e2nd cu data de 1 mai. Aceast\u0103 decizie a fost considerat\u0103 oportun\u0103 de c\u0103tre ministrul energiei, Suhail Al Mazrouei, care a subliniat c\u0103 impactul asupra pie\u021bei nu va fi semnificativ. Emiratele Arabe Unite sunt membre ale organiza\u021biei din 1967.<\/p>\n<p>Suhail Al Mazrouei a ad\u0103ugat c\u0103, \u00een viitor, cererea global\u0103 de energie va cre\u0219te, iar retragerea din OPEC va facilita colaborarea mai eficient\u0103 cu partenerii \u0219i investitorii pentru a r\u0103spunde nevoilor pie\u021bei interna\u021bionale de petrol.<\/p>\n<p>C\u00e2nd a fost \u00eentrebat dac\u0103 Arabia Saudit\u0103 a fost informat\u0103 \u00eenainte de aceast\u0103 decizie, ministrul a declarat c\u0103 Emiratele Arabe Unite nu au consultat pe nimeni direct \u00een acest sens, conform unei raport\u0103ri de la Reuters. De asemenea, o surs\u0103 citat\u0103 de TASS a men\u021bionat c\u0103 implica\u021biile retragerii vor fi discutate \u00eentr-o reuniune a \u021b\u0103rilor membre OPEC, programat\u0103 pentru luna iunie.<\/p>\n<p>Ca urmare a acestei decizii, <a style=\"color: #0000ff\" href=\"https:\/\/www.mediafax.ro\/economic\/pretul-petrolului-creste-pe-fondul-retoricii-tot-mai-dure-a-lui-trump-fata-de-iran-23716054\"><strong>pre\u021bul contractelor futures<\/strong><\/a> pentru \u021bi\u021beiul Brent a \u00eenregistrat o sc\u0103dere de 1,91% la bursa ICE din Londra, cobor\u00e2nd la 110 dolari pe baril, imediat dup\u0103 anun\u021bul retragerii Emiratelor Arabe Unite din OPEC \u0219i OPEC+.<\/p>\n","protected":false},"excerpt":{"rendered":"<p>Emiratele Arabe Unite au anun\u021bat oficial c\u0103 inten\u021bioneaz\u0103 s\u0103 p\u0103r\u0103seasc\u0103 OPEC \u0219i OPEC+, \u00eencep\u00e2nd cu data de 1 mai. Aceast\u0103 decizie a fost considerat\u0103 oportun\u0103 de c\u0103tre ministrul energiei, Suhail Al Mazrouei, care a subliniat c\u0103 impactul asupra pie\u021bei nu va fi semnificativ. Emiratele Arabe Unite sunt membre ale organiza\u021biei din 1967. Suhail Al Mazrouei [&hellip;]<\/p>\n","protected":false},"author":2,"featured_media":16420,"comment_status":"open","ping_status":"open","sticky":false,"template":"","format":"standard","meta":{"jnews-multi-image_gallery":[],"jnews_single_post":[],"jnews_primary_category":[],"jnews_override_counter":[],"footnotes":""},"categories":[41],"tags":[15637,297,5492,191,2649,1736,988,18722],"class_list":["post-16419","post","type-post","status-publish","format-standard","has-post-thumbnail","hentry","category-externe","tag-cerere-globala","tag-colaborare","tag-emiratele-arabe-unite","tag-energie","tag-opec","tag-petrol","tag-retragere","tag-suhail-al-mazrouei"],"_links":{"self":[{"href":"https:\/\/www.newsrecorder.ro\/app\/wp-json\/wp\/v2\/posts\/16419","targetHints":{"allow":["GET"]}}],"collection":[{"href":"https:\/\/www.newsrecorder.ro\/app\/wp-json\/wp\/v2\/posts"}],"about":[{"href":"https:\/\/www.newsrecorder.ro\/app\/wp-json\/wp\/v2\/types\/post"}],"author":[{"embeddable":true,"href":"https:\/\/www.newsrecorder.ro\/app\/wp-json\/wp\/v2\/users\/2"}],"replies":[{"embeddable":true,"href":"https:\/\/www.newsrecorder.ro\/app\/wp-json\/wp\/v2\/comments?post=16419"}],"version-history":[{"count":0,"href":"https:\/\/www.newsrecorder.ro\/app\/wp-json\/wp\/v2\/posts\/16419\/revisions"}],"wp:featuredmedia":[{"embeddable":true,"href":"https:\/\/www.newsrecorder.ro\/app\/wp-json\/wp\/v2\/media\/16420"}],"wp:attachment":[{"href":"https:\/\/www.newsrecorder.ro\/app\/wp-json\/wp\/v2\/media?parent=16419"}],"wp:term":[{"taxonomy":"category","embeddable":true,"href":"https:\/\/www.newsrecorder.ro\/app\/wp-json\/wp\/v2\/categories?post=16419"},{"taxonomy":"post_tag","embeddable":true,"href":"https:\/\/www.newsrecorder.ro\/app\/wp-json\/wp\/v2\/tags?post=16419"}],"curies":[{"name":"wp","href":"https:\/\/api.w.org\/{rel}","templated":true}]}}