{"id":16421,"date":"2026-04-28T14:42:24","date_gmt":"2026-04-28T14:42:24","guid":{"rendered":"https:\/\/www.newsrecorder.ro\/app\/2026\/04\/28\/andrzej-poczobut-simbol-al-libertatii-presei-eliberat-dupa-4-ani\/"},"modified":"2026-04-28T14:42:24","modified_gmt":"2026-04-28T14:42:24","slug":"andrzej-poczobut-simbol-al-libertatii-presei-eliberat-dupa-4-ani","status":"publish","type":"post","link":"https:\/\/www.newsrecorder.ro\/app\/2026\/04\/28\/andrzej-poczobut-simbol-al-libertatii-presei-eliberat-dupa-4-ani\/","title":{"rendered":"Andrzej Poczobut, simbol al libert\u0103\u021bii presei, eliberat dup\u0103 4 ani!"},"content":{"rendered":"<p><a href=\"https:\/\/www.mediafax.ro\/externe\/parlamentul-european-a-acordat-premiul-saharov-2025-jurnalistilor-aflati-in-detentie-andrzej-poczobut-si-mzia-amaglobeli-23659045\">Andrzej Poczobut<\/a>, jurnalist \u0219i corespondent al renumitei publica\u021bii poloneze <em>Gazeta Wyborcza<\/em>, a fost eliberat recent din \u00eenchisoarea din Belarus \u00een urma unui schimb de prizonieri cu Polonia, conform anun\u021burilor oficiale din ambele \u021b\u0103ri, preluate de agen\u021bia de \u0219tiri <a href=\"https:\/\/newsroom.ap.org\/home\">AP<\/a>.<\/p>\n<p>Acest schimb a implicat zece prizonieri din diverse na\u021biuni, inclusiv trei polonezi \u0219i doi moldoveni elibera\u021bi de autorit\u0103\u021bile belaruse. John Coale, trimisul special al administra\u021biei Trump pentru Belarus, a confirmat aceste informa\u021bii printr-o postare pe platforma X, mul\u021bumind Rom\u00e2niei pentru contribu\u021bia sa: <em>\u201eMul\u021bumim Poloniei, Moldovei \u0219i Rom\u00e2niei pentru sprijinul lor nepre\u021buit \u00een acest efort, precum \u0219i pentru disponibilitatea pre\u0219edintelui Luka\u0219enko de a continua o colaborare constructiv\u0103 cu Statele Unite.\u201d<\/em><\/p>\n<p>\u00cen cadrul acestui schimb, Polonia a trimis, de asemenea, trei prizonieri \u00een Belarus, restul opera\u021biunii implic\u00e2nd \u0219i alte state partenere.<\/p>\n<p><strong>Un simbol al rezisten\u021bei<\/strong><\/p>\n<p>Poczobut, o figur\u0103 proeminent\u0103 a comunit\u0103\u021bii poloneze din Belarus, fusese arestat \u00een 2021 \u0219i condamnat la opt ani de \u00eenchisoare, \u00eentr-un proces considerat pe scar\u0103 larg\u0103 ca fiind motivat politic. Cazul s\u0103u a generat critici vehemente \u00een \u00eentreaga Europ\u0103, iar ca recunoa\u0219tere a curajului s\u0103u, Parlamentul European i-a acordat Premiul Saharov, una dintre cele mai prestigioase distinc\u021bii europene pentru drepturile omului.<\/p>\n<p>Ministrul polonez de externe, Radek Sikorski, l-a descris pe Poczobut ca fiind un simbol al luptei pentru libertate \u00een Belarus, subliniind totodat\u0103 capacitatea Poloniei de a-\u0219i sus\u021bine cet\u0103\u021benii \u00een momente dificile.<\/p>\n<p><strong>Context diplomatic<\/strong><\/p>\n<p>Eliberarea lui Poczobut face parte dintr-o serie de gesturi de deschidere ale regimului de la Minsk c\u0103tre Occident, \u00een contextul celui de-al doilea mandat al pre\u0219edintelui american Donald Trump. \u00cen luna martie, liderul autoritar Alexander Luka\u0219enko a ordonat deja eliberarea a 250 de prizonieri politici, ca parte a unui acord cu Washingtonul care a condus la ridicarea unor sanc\u021biuni americane.<\/p>\n<p>Bielorusia, un aliat apropiat al Rusiei, a fost sub presiunea izol\u0103rii interna\u021bionale timp de mul\u021bi ani. Luka\u0219enko conduce \u021bara de 9,5 milioane de locuitori cu o m\u00e2n\u0103 de fier de peste trei decenii, iar regimul s\u0103u a suferit repetate sanc\u021biuni din partea statelor occidentale, at\u00e2t pentru \u00eenc\u0103lcarea drepturilor omului, c\u00e2t \u0219i pentru facilitarea utiliz\u0103rii teritoriului bielorus de c\u0103tre Moscova \u00een invazia Ucrainei din 2022.<\/p>\n","protected":false},"excerpt":{"rendered":"<p>Andrzej Poczobut, jurnalist \u0219i corespondent al renumitei publica\u021bii poloneze Gazeta Wyborcza, a fost eliberat recent din \u00eenchisoarea din Belarus \u00een urma unui schimb de prizonieri cu Polonia, conform anun\u021burilor oficiale din ambele \u021b\u0103ri, preluate de agen\u021bia de \u0219tiri AP. Acest schimb a implicat zece prizonieri din diverse na\u021biuni, inclusiv trei polonezi \u0219i doi moldoveni elibera\u021bi [&hellip;]<\/p>\n","protected":false},"author":2,"featured_media":16422,"comment_status":"open","ping_status":"open","sticky":false,"template":"","format":"standard","meta":{"jnews-multi-image_gallery":[],"jnews_single_post":[],"jnews_primary_category":[],"jnews_override_counter":[],"footnotes":""},"categories":[41],"tags":[18723,1031,297,18724,1032,6367,149,3187],"class_list":["post-16421","post","type-post","status-publish","format-standard","has-post-thumbnail","hentry","category-externe","tag-andrzej-poczobut","tag-belarus","tag-colaborare","tag-gazeta-wyborcza","tag-polonia","tag-rezistenta","tag-romania","tag-schimb-de-prizonieri"],"_links":{"self":[{"href":"https:\/\/www.newsrecorder.ro\/app\/wp-json\/wp\/v2\/posts\/16421","targetHints":{"allow":["GET"]}}],"collection":[{"href":"https:\/\/www.newsrecorder.ro\/app\/wp-json\/wp\/v2\/posts"}],"about":[{"href":"https:\/\/www.newsrecorder.ro\/app\/wp-json\/wp\/v2\/types\/post"}],"author":[{"embeddable":true,"href":"https:\/\/www.newsrecorder.ro\/app\/wp-json\/wp\/v2\/users\/2"}],"replies":[{"embeddable":true,"href":"https:\/\/www.newsrecorder.ro\/app\/wp-json\/wp\/v2\/comments?post=16421"}],"version-history":[{"count":0,"href":"https:\/\/www.newsrecorder.ro\/app\/wp-json\/wp\/v2\/posts\/16421\/revisions"}],"wp:featuredmedia":[{"embeddable":true,"href":"https:\/\/www.newsrecorder.ro\/app\/wp-json\/wp\/v2\/media\/16422"}],"wp:attachment":[{"href":"https:\/\/www.newsrecorder.ro\/app\/wp-json\/wp\/v2\/media?parent=16421"}],"wp:term":[{"taxonomy":"category","embeddable":true,"href":"https:\/\/www.newsrecorder.ro\/app\/wp-json\/wp\/v2\/categories?post=16421"},{"taxonomy":"post_tag","embeddable":true,"href":"https:\/\/www.newsrecorder.ro\/app\/wp-json\/wp\/v2\/tags?post=16421"}],"curies":[{"name":"wp","href":"https:\/\/api.w.org\/{rel}","templated":true}]}}