{"id":16423,"date":"2026-04-28T14:42:45","date_gmt":"2026-04-28T14:42:45","guid":{"rendered":"https:\/\/www.newsrecorder.ro\/app\/2026\/04\/28\/gratiere-surpriza-maia-sandu-schimba-spioni-cu-rusia\/"},"modified":"2026-04-28T14:42:45","modified_gmt":"2026-04-28T14:42:45","slug":"gratiere-surpriza-maia-sandu-schimba-spioni-cu-rusia","status":"publish","type":"post","link":"https:\/\/www.newsrecorder.ro\/app\/2026\/04\/28\/gratiere-surpriza-maia-sandu-schimba-spioni-cu-rusia\/","title":{"rendered":"\u201eGra\u021biere surpriz\u0103: Maia Sandu schimb\u0103 spioni cu Rusia!\u201d"},"content":{"rendered":"<p>Republica Moldova a realizat un pas important \u00een procesul de securitate na\u021bional\u0103, reu\u0219ind s\u0103 repatrieze doi cet\u0103\u021beni moldoveni care se aflau \u00een captivitate \u00een Rusia. Cei doi indivizi, care \u00ee\u0219i desf\u0103\u0219urau activitatea \u00een cadrul Serviciului de Informa\u021bii \u0219i Securitate, au fost elibera\u021bi prin intermediul unui schimb interna\u021bional de persoane.<\/p>\n<p>Pre\u0219edintele Maia Sandu a exprimat recuno\u0219tin\u021ba sa fa\u021b\u0103 de Pre\u0219edintele Trump \u0219i administra\u021bia SUA pentru implicarea lor esen\u021bial\u0103 \u00een succesul acestei ac\u021biuni. De asemenea, ea a mul\u021bumit partenerilor din SUA, Polonia \u0219i Rom\u00e2nia pentru contribu\u021bia lor la fiecare etap\u0103 a procesului, precum \u0219i institu\u021biilor moldovene\u0219ti care au demonstrat profesionalism \u0219i cooperare interna\u021bional\u0103 de \u00eenalt nivel, facilit\u00e2nd astfel salvarea ofi\u021berilor.<\/p>\n<p>Opera\u021biunea a fost coordonat\u0103 de Serviciul de Informa\u021bii \u0219i Securitate pe parcursul mai multor luni, iar anumite detalii au fost p\u0103strate confiden\u021biale pentru a nu compromite misiunea \u0219i siguran\u021ba celor doi cet\u0103\u021beni moldoveni. \u00cen cadrul acestui schimb complex, cei doi ofi\u021beri au fost \u00eenlocui\u021bi cu alte dou\u0103 persoane: un cet\u0103\u021bean rus, Nina Popova, care a ac\u021bionat \u00eempotriva Republicii Moldova, \u0219i <strong><a style=\"color: #0000ff\" href=\"https:\/\/balkaninsight.com\/2025\/09\/09\/romania-grills-moldovan-ex-intelligence-official-suspected-of-spying-for-belarus\/bi\/\">Alexandru B\u0103lan<\/a><\/strong>, un moldovean acuzat de tr\u0103dare \u00een favoarea KGB-ului din Belarus, care a fost gra\u021biat pentru a putea pleca \u00een Belarus.<\/p>\n<p>Maia Sandu a subliniat c\u0103 aceast\u0103 opera\u021biune reprezint\u0103 un c\u00e2\u0219tig semnificativ pentru \u021bar\u0103, nu doar prin repatrierea celor doi cet\u0103\u021beni care lucreaz\u0103 pentru Republica Moldova, ci \u0219i prin renun\u021barea la doi de\u021binu\u021bi care au ac\u021bionat \u00eempotriva intereselor na\u021bionale. Ofi\u021berii moldoveni se afl\u0103 \u00een drum spre cas\u0103, iar autorit\u0103\u021bile consider\u0103 prioritar s\u0103 se asigure c\u0103 ace\u0219tia trec prin teste medicale \u0219i, \u00een cazul necesit\u0103\u021bii, primesc tratamentele corespunz\u0103toare.<\/p>\n<p>\u00cen alt\u0103 ordine de idei, fostul director adjunct al Serviciului de Informa\u021bii \u0219i Securitate al Republicii Moldova, Alexandru B\u0103lan, a fost escortat vineri c\u0103tre un punct de trecere a frontierei cu Moldova, pentru a-\u0219i isp\u0103\u0219i pedeapsa privativ\u0103 de libertate. Acesta a fost re\u021binut pe 9 septembrie 2025 de poli\u021bi\u0219tii Direc\u021biei de Combatere a Criminalit\u0103\u021bii Organizate din cadrul Inspectoratului General al Poli\u021biei Rom\u00e2ne, cu sprijinul procurorilor Direc\u021biei de Investigare a Infrac\u021biunilor de Criminalitate Organizat\u0103 \u0219i Terorism. B\u0103lan este cercetat pentru tentativ\u0103 de tr\u0103dare prin transmiterea de informa\u021bii secrete de stat, \u00een form\u0103 continuat\u0103.<\/p>\n<p>Conform anchetatorilor, Alexandru B\u0103lan este acuzat c\u0103 a transmis informa\u021bii clasificate c\u0103tre ofi\u021beri KGB din Belarus, \u00een cadrul unor \u00eent\u00e2lniri ce au avut loc la Budapesta. De asemenea, se estimeaz\u0103 c\u0103, \u00eencep\u00e2nd cu 2024 \u0219i p\u00e2n\u0103 \u00een prezent, acesta ar fi divulgat informa\u021bii sensibile unor reprezentan\u021bi ai unei puteri str\u0103ine.<\/p>\n","protected":false},"excerpt":{"rendered":"<p>Republica Moldova a realizat un pas important \u00een procesul de securitate na\u021bional\u0103, reu\u0219ind s\u0103 repatrieze doi cet\u0103\u021beni moldoveni care se aflau \u00een captivitate \u00een Rusia. Cei doi indivizi, care \u00ee\u0219i desf\u0103\u0219urau activitatea \u00een cadrul Serviciului de Informa\u021bii \u0219i Securitate, au fost elibera\u021bi prin intermediul unui schimb interna\u021bional de persoane. Pre\u0219edintele Maia Sandu a exprimat recuno\u0219tin\u021ba [&hellip;]<\/p>\n","protected":false},"author":2,"featured_media":16424,"comment_status":"open","ping_status":"open","sticky":false,"template":"","format":"standard","meta":{"jnews-multi-image_gallery":[],"jnews_single_post":[],"jnews_primary_category":[],"jnews_override_counter":[],"footnotes":""},"categories":[41],"tags":[465,18727,287,8735,18725,18726,416,2860],"class_list":["post-16423","post","type-post","status-publish","format-standard","has-post-thumbnail","hentry","category-externe","tag-cooperare-internationala","tag-eliberare-cetateni","tag-maia-sandu","tag-repatriere","tag-replica-moldova","tag-schimb-international","tag-securitate-nationala","tag-servicii-de-informatii"],"_links":{"self":[{"href":"https:\/\/www.newsrecorder.ro\/app\/wp-json\/wp\/v2\/posts\/16423","targetHints":{"allow":["GET"]}}],"collection":[{"href":"https:\/\/www.newsrecorder.ro\/app\/wp-json\/wp\/v2\/posts"}],"about":[{"href":"https:\/\/www.newsrecorder.ro\/app\/wp-json\/wp\/v2\/types\/post"}],"author":[{"embeddable":true,"href":"https:\/\/www.newsrecorder.ro\/app\/wp-json\/wp\/v2\/users\/2"}],"replies":[{"embeddable":true,"href":"https:\/\/www.newsrecorder.ro\/app\/wp-json\/wp\/v2\/comments?post=16423"}],"version-history":[{"count":0,"href":"https:\/\/www.newsrecorder.ro\/app\/wp-json\/wp\/v2\/posts\/16423\/revisions"}],"wp:featuredmedia":[{"embeddable":true,"href":"https:\/\/www.newsrecorder.ro\/app\/wp-json\/wp\/v2\/media\/16424"}],"wp:attachment":[{"href":"https:\/\/www.newsrecorder.ro\/app\/wp-json\/wp\/v2\/media?parent=16423"}],"wp:term":[{"taxonomy":"category","embeddable":true,"href":"https:\/\/www.newsrecorder.ro\/app\/wp-json\/wp\/v2\/categories?post=16423"},{"taxonomy":"post_tag","embeddable":true,"href":"https:\/\/www.newsrecorder.ro\/app\/wp-json\/wp\/v2\/tags?post=16423"}],"curies":[{"name":"wp","href":"https:\/\/api.w.org\/{rel}","templated":true}]}}