{"id":16425,"date":"2026-04-28T14:43:07","date_gmt":"2026-04-28T14:43:07","guid":{"rendered":"https:\/\/www.newsrecorder.ro\/app\/2026\/04\/28\/parlamentul-european-aproba-buget-record-de-2-trilioane-de-euro\/"},"modified":"2026-04-28T14:43:07","modified_gmt":"2026-04-28T14:43:07","slug":"parlamentul-european-aproba-buget-record-de-2-trilioane-de-euro","status":"publish","type":"post","link":"https:\/\/www.newsrecorder.ro\/app\/2026\/04\/28\/parlamentul-european-aproba-buget-record-de-2-trilioane-de-euro\/","title":{"rendered":"Parlamentul European aprob\u0103 buget record de 2 trilioane de euro!"},"content":{"rendered":"<p><strong><a style=\"color: #0000ff\" href=\"https:\/\/www.mediafax.ro\/politic\/breaking-news-parlamentul-european-a-votat-pentru-ridicarea-imunitatii-dianei-sosoaca-23727838\">Parlamentul European<\/a><\/strong> a adoptat mar\u021bi o decizie semnificativ\u0103, vot\u00e2nd pentru un buget pe urm\u0103torii \u0219apte ani cu o valoare cu 10% mai mare dec\u00e2t cea propus\u0103 de Comisia European\u0103. Aceast\u0103 m\u0103sur\u0103 ar putea duce cheltuielile Uniunii Europene la peste 2 trilioane de euro, conform <strong><a style=\"color: #0000ff\" href=\"https:\/\/www.politico.eu\/article\/european-parliament-wants-eu-long-term-budget-to-top-e2-trillion\/\">informa\u021biilor furnizate de Politico.<\/a><\/strong><\/p>\n<p>\u00cen cadrul unei sesiuni desf\u0103\u0219urate la Strasbourg, eurodeputa\u021bii au votat favorabil pentru sporirea fondurilor UE, solicit\u00e2nd o sum\u0103 suplimentar\u0103 de 200 de miliarde de euro dedicat\u0103 fermierilor, dezvolt\u0103rii regionale \u0219i competitivit\u0103\u021bii industriale. Votul a fost decisiv, cu 370 de voturi pentru, 201 \u00eempotriv\u0103 \u0219i 84 de ab\u021bineri, ceea ce demonstreaz\u0103 sus\u021binerea majoritar\u0103 a ini\u021biativei.<\/p>\n<p>Acest vot deschide calea pentru negocieri complexe cu guvernele na\u021bionale, av\u00e2nd \u00een vedere c\u0103 \u021b\u0103ri precum Olanda \u0219i Germania au exprimat deja dorin\u021ba de a vedea un buget mai mic dec\u00e2t cel propus de Comisie.<\/p>\n<p>De asemenea, Parlamentul a cerut o alocare mai consistent\u0103 de fonduri pentru diverse programe europene \u0219i a propus introducerea de noi impozite la nivelul Uniunii pe domenii precum jocurile de noroc online, marile companii tehnologice, inclusiv Amazon \u0219i Google, \u0219i pe firmele de criptomonede.<\/p>\n<p>Proiectul Comisiei pentru perioada 2028-2034 preconizeaz\u0103 alocarea a <a href=\"https:\/\/archive.ph\/o\/Kmrss\/https:\/\/pro.politico.eu\/news\/202039\" target=\"_blank\" rel=\"noopener\">1,8 trilioane de euro<\/a> pentru cheltuieli \u00een domenii esen\u021biale precum subven\u021biile pentru fermieri, dezvoltarea industrial\u0103 \u0219i schemele de ajutor interna\u021bional. De asemenea, se estimeaz\u0103 c\u0103 aproximativ 165 de miliarde de euro vor fi destinate ramburs\u0103rii datoriilor comune generate pentru finan\u021barea pachetului de redresare post-Covid al UE, ceea ce ar aduce bugetul total la 1,984 trilioane de euro.<\/p>\n<p>Parlamentul solicit\u0103 acum extinderea bugetului total la 2 trilioane de euro, f\u0103r\u0103 a include ramburs\u0103rile datoriei legate de Covid, ceea ce ar implica o cre\u0219tere de 10% a bugetului. \u201eConsider\u0103m c\u0103 este imposibil s\u0103 facem mai mult cu mai pu\u021bin; acesta este un mit\u201d, a declarat Siegfried Mure\u0219an, reprezentant al Partidului Popular European (PPE) \u0219i negociator principal pe probleme bugetare \u00een cadrul Parlamentului, al\u0103turi de Carla Tavares din partea Sociali\u0219tilor \u0219i Democra\u021bilor.<\/p>\n","protected":false},"excerpt":{"rendered":"<p>Parlamentul European a adoptat mar\u021bi o decizie semnificativ\u0103, vot\u00e2nd pentru un buget pe urm\u0103torii \u0219apte ani cu o valoare cu 10% mai mare dec\u00e2t cea propus\u0103 de Comisia European\u0103. Aceast\u0103 m\u0103sur\u0103 ar putea duce cheltuielile Uniunii Europene la peste 2 trilioane de euro, conform informa\u021biilor furnizate de Politico. \u00cen cadrul unei sesiuni desf\u0103\u0219urate la Strasbourg, [&hellip;]<\/p>\n","protected":false},"author":2,"featured_media":16426,"comment_status":"open","ping_status":"open","sticky":false,"template":"","format":"standard","meta":{"jnews-multi-image_gallery":[],"jnews_single_post":[],"jnews_primary_category":[],"jnews_override_counter":[],"footnotes":""},"categories":[41],"tags":[9873,167,18729,5274,9767,18728,18730,634],"class_list":["post-16425","post","type-post","status-publish","format-standard","has-post-thumbnail","hentry","category-externe","tag-buget-european","tag-cheltuieli","tag-competitivitate-industriala","tag-dezvoltare-regionala","tag-fermieri","tag-fonduri-ue","tag-negocieri-guvernamentale","tag-parlamentul-european"],"_links":{"self":[{"href":"https:\/\/www.newsrecorder.ro\/app\/wp-json\/wp\/v2\/posts\/16425","targetHints":{"allow":["GET"]}}],"collection":[{"href":"https:\/\/www.newsrecorder.ro\/app\/wp-json\/wp\/v2\/posts"}],"about":[{"href":"https:\/\/www.newsrecorder.ro\/app\/wp-json\/wp\/v2\/types\/post"}],"author":[{"embeddable":true,"href":"https:\/\/www.newsrecorder.ro\/app\/wp-json\/wp\/v2\/users\/2"}],"replies":[{"embeddable":true,"href":"https:\/\/www.newsrecorder.ro\/app\/wp-json\/wp\/v2\/comments?post=16425"}],"version-history":[{"count":0,"href":"https:\/\/www.newsrecorder.ro\/app\/wp-json\/wp\/v2\/posts\/16425\/revisions"}],"wp:featuredmedia":[{"embeddable":true,"href":"https:\/\/www.newsrecorder.ro\/app\/wp-json\/wp\/v2\/media\/16426"}],"wp:attachment":[{"href":"https:\/\/www.newsrecorder.ro\/app\/wp-json\/wp\/v2\/media?parent=16425"}],"wp:term":[{"taxonomy":"category","embeddable":true,"href":"https:\/\/www.newsrecorder.ro\/app\/wp-json\/wp\/v2\/categories?post=16425"},{"taxonomy":"post_tag","embeddable":true,"href":"https:\/\/www.newsrecorder.ro\/app\/wp-json\/wp\/v2\/tags?post=16425"}],"curies":[{"name":"wp","href":"https:\/\/api.w.org\/{rel}","templated":true}]}}