{"id":16431,"date":"2026-04-28T15:08:41","date_gmt":"2026-04-28T15:08:41","guid":{"rendered":"https:\/\/www.newsrecorder.ro\/app\/2026\/04\/28\/grindeanu-garanteaza-psd-nu-va-colabora-cu-extrema-dreapta\/"},"modified":"2026-04-28T15:08:41","modified_gmt":"2026-04-28T15:08:41","slug":"grindeanu-garanteaza-psd-nu-va-colabora-cu-extrema-dreapta","status":"publish","type":"post","link":"https:\/\/www.newsrecorder.ro\/app\/2026\/04\/28\/grindeanu-garanteaza-psd-nu-va-colabora-cu-extrema-dreapta\/","title":{"rendered":"Grindeanu garanteaz\u0103: PSD nu va colabora cu extrema dreapt\u0103!"},"content":{"rendered":"<p>Grupul Alian\u021bei Progresiste a Sociali\u0219tilor \u0219i Democra\u021bilor din Parlamentul European a declarat c\u0103 sus\u021bine Partidul Social Democrat (PSD) \u00eentr-un moment de tensiune \u00een cadrul coali\u021biei de guvernare. Aceast\u0103 situa\u021bie a culminat cu decizia PSD de a-\u0219i retrage sprijinul politic pentru premierul Ilie Bolojan.<\/p>\n<p>Iratxe Garcia Perez, lidera <a style=\"color: #0000ff\" href=\"https:\/\/www.mediafax.ro\/stirile-zilei\/socialistii-spanioli-din-parlamentul-european-nemultumiti-de-situatia-psd-din-romania-liderul-pnl-a-folosit-un-cliseu-fascist-numindu-i-pe-toti-social-democratii-sobolani-23724659\">grupului S&amp;D<\/a>, a subliniat \u00eentr-o conferin\u021b\u0103 de pres\u0103 desf\u0103\u0219urat\u0103 la Strasbourg c\u0103 mini\u0219trii PSD au decis s\u0103 p\u0103r\u0103seasc\u0103 guvernul din cauza imposibilit\u0103\u021bii de a avansa cu propunerile lor, care sunt, \u00een opinia sa, legitime \u00eentr-un guvern de coali\u021bie.<\/p>\n<p>\u201eReiterez \u00eencrederea deplin\u0103 \u00een PSD. Ieri (luni &#8211; n.r.) au fost declara\u021bii foarte clare \u0219i directe din partea liderului de partid. PSD a decis s\u0103 ias\u0103 din guvern pentru c\u0103 nu a reu\u0219it s\u0103 treac\u0103 unele dintre propunerile lor. Acesta este motivul pentru care colegii no\u0219tri, printr-un referendum intern \u00een partid, aproape \u00een unanimitate, au decis s\u0103 p\u0103r\u0103seasc\u0103 guvernul\u201d, a afirmat Iratxe Garcia Perez \u00een cadrul conferin\u021bei.<\/p>\n<p>De asemenea, lidera grupului S&amp;D a men\u021bionat c\u0103 Sorin Grindeanu i-a asigurat c\u0103 nu exist\u0103 un acord cu extrema dreapt\u0103 pentru formarea unui nou guvern. \u201eLiderul PSD a declarat c\u0103 nu exist\u0103 niciun acord cu extrema dreapt\u0103. Sper ca Partidul Popular European s\u0103 adopte aceea\u0219i pozi\u021bie \u0219i, \u00een cazul form\u0103rii unui nou guvern, s\u0103 nu fie unul cu extrema dreapt\u0103\u201d, a ad\u0103ugat Garcia Perez.<\/p>\n<p>Luni, PSD \u0219i AUR au anun\u021bat c\u0103 <a style=\"color: #0000ff\" href=\"https:\/\/www.mediafax.ro\/breaking-news\/psd-si-aur-vor-initia-impreuna-o-motiune-de-cenzura-impotriva-guvernului-bolojan-reactii-vehemente-din-pnl-ce-pozitie-are-udmr-23727035\">vor ini\u021bia \u00eempreun\u0103 o mo\u021biune de cenzur\u0103<\/a> \u00eempotriva Guvernului Bolojan. Mar\u021bi, cele dou\u0103 forma\u021biuni au finalizat textul mo\u021biunii, care acuz\u0103 actualul Executiv de \u201edistrugerea economiei, s\u0103r\u0103cirea popula\u021biei \u0219i v\u00e2nzarea frauduloas\u0103 a averii statului\u201d. Textul integral al mo\u021biunii poate fi consultat <strong><a href=\"https:\/\/www.mediafax.ro\/stirile-zilei\/document-motiunea-de-cenzura-psd-aur-acuza-guvernul-bolojan-ca-nu-mai-guverneaza-in-interesul-romaniei-peste-240-de-semnaturi-au-fost-stranse-pentru-demiterea-actualului-executiv-23727715\">AICI<\/a><\/strong>.<\/p>\n","protected":false},"excerpt":{"rendered":"<p>Grupul Alian\u021bei Progresiste a Sociali\u0219tilor \u0219i Democra\u021bilor din Parlamentul European a declarat c\u0103 sus\u021bine Partidul Social Democrat (PSD) \u00eentr-un moment de tensiune \u00een cadrul coali\u021biei de guvernare. Aceast\u0103 situa\u021bie a culminat cu decizia PSD de a-\u0219i retrage sprijinul politic pentru premierul Ilie Bolojan. Iratxe Garcia Perez, lidera grupului S&amp;D, a subliniat \u00eentr-o conferin\u021b\u0103 de pres\u0103 [&hellip;]<\/p>\n","protected":false},"author":2,"featured_media":16432,"comment_status":"open","ping_status":"open","sticky":false,"template":"","format":"standard","meta":{"jnews-multi-image_gallery":[],"jnews_single_post":[],"jnews_primary_category":[],"jnews_override_counter":[],"footnotes":""},"categories":[41],"tags":[18737,3785,8871,302,2152,4572,17193,11553],"class_list":["post-16431","post","type-post","status-publish","format-standard","has-post-thumbnail","hentry","category-externe","tag-alianta-progresista","tag-coalitie-de-guvernare","tag-democrati","tag-ilie-bolojan","tag-partidul-social-democrat","tag-propuneri","tag-referendum-intern","tag-socialisti"],"_links":{"self":[{"href":"https:\/\/www.newsrecorder.ro\/app\/wp-json\/wp\/v2\/posts\/16431","targetHints":{"allow":["GET"]}}],"collection":[{"href":"https:\/\/www.newsrecorder.ro\/app\/wp-json\/wp\/v2\/posts"}],"about":[{"href":"https:\/\/www.newsrecorder.ro\/app\/wp-json\/wp\/v2\/types\/post"}],"author":[{"embeddable":true,"href":"https:\/\/www.newsrecorder.ro\/app\/wp-json\/wp\/v2\/users\/2"}],"replies":[{"embeddable":true,"href":"https:\/\/www.newsrecorder.ro\/app\/wp-json\/wp\/v2\/comments?post=16431"}],"version-history":[{"count":0,"href":"https:\/\/www.newsrecorder.ro\/app\/wp-json\/wp\/v2\/posts\/16431\/revisions"}],"wp:featuredmedia":[{"embeddable":true,"href":"https:\/\/www.newsrecorder.ro\/app\/wp-json\/wp\/v2\/media\/16432"}],"wp:attachment":[{"href":"https:\/\/www.newsrecorder.ro\/app\/wp-json\/wp\/v2\/media?parent=16431"}],"wp:term":[{"taxonomy":"category","embeddable":true,"href":"https:\/\/www.newsrecorder.ro\/app\/wp-json\/wp\/v2\/categories?post=16431"},{"taxonomy":"post_tag","embeddable":true,"href":"https:\/\/www.newsrecorder.ro\/app\/wp-json\/wp\/v2\/tags?post=16431"}],"curies":[{"name":"wp","href":"https:\/\/api.w.org\/{rel}","templated":true}]}}