{"id":16435,"date":"2026-04-28T17:07:09","date_gmt":"2026-04-28T17:07:09","guid":{"rendered":"https:\/\/www.newsrecorder.ro\/app\/2026\/04\/28\/imco-intentioneaza-sa-deschida-o-noua-fabrica-in-romania-pana-in-2027\/"},"modified":"2026-04-28T17:07:09","modified_gmt":"2026-04-28T17:07:09","slug":"imco-intentioneaza-sa-deschida-o-noua-fabrica-in-romania-pana-in-2027","status":"publish","type":"post","link":"https:\/\/www.newsrecorder.ro\/app\/2026\/04\/28\/imco-intentioneaza-sa-deschida-o-noua-fabrica-in-romania-pana-in-2027\/","title":{"rendered":"IMCO inten\u021bioneaz\u0103 s\u0103 deschid\u0103 o nou\u0103 fabric\u0103 \u00een Rom\u00e2nia p\u00e2n\u0103 \u00een 2027!"},"content":{"rendered":"<p>Anun\u021bul a fost f\u0103cut mar\u021bi de Yoav Ben Shem, \u00een cadrul unei \u00eent\u00e2lniri restr\u00e2nse cu presa de specialitate, la care a fost prezent \u0219i un reporter de la Mediafax.<\/p>\n<p>IMCO, companie \u00eenfiin\u021bat\u0103 \u00een Israel \u00een 1974, a p\u0103truns pe pia\u021ba american\u0103 cu 30 de ani \u00een urm\u0103 \u0219i, \u00eencep\u00e2nd cu 2023, are o prezen\u021b\u0103 activ\u0103 \u00een Europa. \u00cen Rom\u00e2nia, aceasta va fi reprezentat\u0103 din 2025 prin subsidiara IMROD.<\/p>\n<p>Alegerea Rom\u00e2niei pentru deschiderea unei unit\u0103\u021bi de produc\u021bie a fost considerat\u0103 natural\u0103, av\u00e2nd \u00een vedere leg\u0103turile culturale str\u00e2nse dintre cele dou\u0103 \u021b\u0103ri \u0219i prezen\u021ba unei for\u021be de munc\u0103 bine preg\u0103tite, inclusiv din sectorul automotive, care a suferit recent disponibiliz\u0103ri, a subliniat Yoav Ben Shem.<\/p>\n<p>Noua fabric\u0103 din Crevedia a \u00eenceput deja produc\u021bia, concentr\u00e2ndu-se momentan pe furnizarea de echipamente \u0219i solu\u021bii tehnologice pentru export.<\/p>\n<p>\u201eNu este doar o aspira\u021bie, ci parte integrant\u0103 din strategia noastr\u0103 de a participa la programul SAFE, nu ca prim contractant, ci ca furnizor de tehnologie pentru clien\u021bii no\u0219tri\u201d, a declarat oficialul IMCO.<\/p>\n<p>Acesta a explicat c\u0103 \u00een prezent se afl\u0103 \u00een etapele de certificare, ofertare \u0219i negociere, at\u00e2t cu marii integratori interna\u021bionali din domeniul ap\u0103r\u0103rii care au subsidiare \u00een Rom\u00e2nia, c\u00e2t \u0219i cu companii locale tradi\u021bionale din acest sector.<\/p>\n<p>Mihai Jurca, \u0219ef al Cancelariei Prim-ministrului, a anun\u021bat vineri c\u0103 Rom\u00e2nia a ob\u021binut din partea Comisiei Europene un contract-cadru pentru finan\u021barea prin programul SAFE, \u00een valoare de aproximativ <a href=\"https:\/\/www.mediafax.ro\/politic\/romania-a-primit-contractul-cadru-pentru-finantarea-de-166-miliarde-de-euro-prin-programul-safe-23726015\">16,6 miliarde de euro<\/a>, fiind a doua cea mai mare alocare din Uniunea European\u0103.<\/p>\n<p>Mar\u021bi, <a href=\"https:\/\/www.mediafax.ro\/politic\/programul-safe-de-modernizare-a-armatei-a-primit-unda-verde-in-parlament-miruta-de-astazi-se-stie-ca-obligatia-de-a-construi-cele-patru-nave-este-sa-se-intample-prin-salvarea-santierului-mangalia-23727868\">comisiile de Ap\u0103rare reunite au aprobat programul SAFE<\/a>.<\/p>\n<p>\u00cen prezent, fabrica din Crevedia are 30 de angaja\u021bi, dintr-un total de 650 la nivel global, iar estim\u0103rile indic\u0103 o cre\u0219tere a num\u0103rului de angaja\u021bi la 100 p\u00e2n\u0103 la sf\u00e2r\u0219itul anului.<\/p>\n<p>Compania a achizi\u021bionat terenul adiacent actualei fabrici pentru a construi o a doua unitate, iar construc\u021bia este estimat\u0103 s\u0103 dureze aproximativ un an, cu o dat\u0103 de intrare \u00een produc\u021bie planificat\u0103 pentru 2027.<\/p>\n<p>IMCO inten\u021bioneaz\u0103 s\u0103 angajeze aproximativ 300 de persoane \u00een noua facilitate, c\u0103ut\u00e2nd \u00een special electroni\u0219ti \u0219i ingineri.<\/p>\n<p>Conform informa\u021biilor furnizate de Mediafax, investi\u021bia companiei israeliene \u00een Rom\u00e2nia va dep\u0103\u0219i suma de 10 milioane de euro.<\/p>\n<p>Grupul IMCO, un juc\u0103tor important \u00een domeniul sistemelor avansate pentru ap\u0103rare \u0219i industrie, a anun\u021bat \u00een septembrie 2025 <a href=\"https:\/\/milmag.pl\/en\/imco-group-expands-into-europe-opening-new-subsidiary-in-romania\/\" target=\"_blank\" rel=\"noopener\">\u00eenfiin\u021barea unei noi filiale \u00een Rom\u00e2nia<\/a>, av\u00e2nd ca scop extinderea capacit\u0103\u021bii de produc\u021bie a grupului. Aceasta va contribui at\u00e2t la satisfacerea viitoarelor comenzi, c\u00e2t \u0219i la dezvoltarea de noi pie\u021be.<\/p>\n<p>Conform comunicatului de pres\u0103 din acel moment, aceast\u0103 ini\u021biativ\u0103 reprezint\u0103 o etap\u0103 semnificativ\u0103 \u00een cadrul planului strategic pe termen lung al grupului, care vizeaz\u0103 p\u0103trunderea pe pia\u021ba european\u0103 de ap\u0103rare \u0219i stimularea cre\u0219terii prin cre\u0219terea capacit\u0103\u021bii de produc\u021bie, \u00een contextul bugetelor de ap\u0103rare \u00een expansiune la nivel european.<\/p>\n<p>\u201e\u00cenfiin\u021barea filialei \u00een Rom\u00e2nia are ca scop extinderea capacit\u0103\u021bii de produc\u021bie a grupului, at\u00e2t pentru a r\u0103spunde portofoliului de comenzi viitoare, c\u00e2t \u0219i pentru a dezvolta noi pie\u021be\u201d, a declarat compania.<\/p>\n<p>IMCO anticipeaz\u0103 c\u0103 noua entitate va contribui la capacit\u0103\u021bile opera\u021bionale ale grupului \u00een al patrulea trimestru al anului 2025, cre\u00e2nd infrastructura necesar\u0103 pentru a sus\u021bine viitoarea cre\u0219tere \u00een Rom\u00e2nia \u0219i pe pia\u021ba european\u0103 \u00een general.<\/p>\n<p>\u201eDeschiderea unei entit\u0103\u021bi comerciale \u00eentr-un stat membru al Uniunii Europene va deschide noi oportunit\u0103\u021bi de afaceri, complet\u00e2nd expansiunea pe pie\u021bele israeliene \u0219i americane. Acest lucru se va realiza at\u00e2t prin v\u00e2nz\u0103ri directe c\u0103tre noi clien\u021bi, c\u00e2t \u0219i prin utilizarea facilit\u0103\u021bii pentru a satisface portofoliul tot mai mare de comenzi al grupului\u201d, a anun\u021bat compania \u00een septembrie.<\/p>\n<p>Oficialii au subliniat c\u0103 loca\u021bia european\u0103 a filialei va permite IMCO s\u0103 ac\u021bioneze ca \u201efurnizor local\u201d \u00een proiecte de ap\u0103rare pe \u00eentreg continentul, servind drept catalizator pentru consolidarea colabor\u0103rilor cu produc\u0103tori \u0219i integratori de top din Europa.<\/p>\n<p>\u201e\u00cenfiin\u021barea noii filiale \u00een Rom\u00e2nia reprezint\u0103 un pas important \u00een planul strategic al Grupului. Aceasta va \u00eent\u0103ri capacitatea noastr\u0103 de produc\u021bie pentru a r\u0103spunde portofoliului de comenzi viitoare \u0219i va extinde opera\u021biunile noastre globale. Prezen\u021ba noastr\u0103 \u00een Rom\u00e2nia ne va permite s\u0103 avem o influen\u021b\u0103 mai mare pe pia\u021ba european\u0103, asigur\u00e2ndu-ne astfel un r\u0103spuns mai rapid \u0219i mai flexibil pentru to\u021bi clien\u021bii no\u0219tri\u201d, a declarat Ariel Kandel, CEO al Grupului IMCO, \u00een luna septembrie.<\/p>\n","protected":false},"excerpt":{"rendered":"<p>Anun\u021bul a fost f\u0103cut mar\u021bi de Yoav Ben Shem, \u00een cadrul unei \u00eent\u00e2lniri restr\u00e2nse cu presa de specialitate, la care a fost prezent \u0219i un reporter de la Mediafax. IMCO, companie \u00eenfiin\u021bat\u0103 \u00een Israel \u00een 1974, a p\u0103truns pe pia\u021ba american\u0103 cu 30 de ani \u00een urm\u0103 \u0219i, \u00eencep\u00e2nd cu 2023, are o prezen\u021b\u0103 activ\u0103 [&hellip;]<\/p>\n","protected":false},"author":4,"featured_media":16436,"comment_status":"open","ping_status":"open","sticky":false,"template":"","format":"standard","meta":{"jnews-multi-image_gallery":[],"jnews_single_post":[],"jnews_primary_category":[],"jnews_override_counter":[],"footnotes":""},"categories":[40],"tags":[18740,10739,18739,782,149,13177,18741,18742],"class_list":["post-16435","post","type-post","status-publish","format-standard","has-post-thumbnail","hentry","category-econonie","tag-crevedia","tag-echipamente","tag-imco","tag-productie","tag-romania","tag-sector-automotive","tag-solutii-tehnologice","tag-yoav-ben-shem"],"_links":{"self":[{"href":"https:\/\/www.newsrecorder.ro\/app\/wp-json\/wp\/v2\/posts\/16435","targetHints":{"allow":["GET"]}}],"collection":[{"href":"https:\/\/www.newsrecorder.ro\/app\/wp-json\/wp\/v2\/posts"}],"about":[{"href":"https:\/\/www.newsrecorder.ro\/app\/wp-json\/wp\/v2\/types\/post"}],"author":[{"embeddable":true,"href":"https:\/\/www.newsrecorder.ro\/app\/wp-json\/wp\/v2\/users\/4"}],"replies":[{"embeddable":true,"href":"https:\/\/www.newsrecorder.ro\/app\/wp-json\/wp\/v2\/comments?post=16435"}],"version-history":[{"count":0,"href":"https:\/\/www.newsrecorder.ro\/app\/wp-json\/wp\/v2\/posts\/16435\/revisions"}],"wp:featuredmedia":[{"embeddable":true,"href":"https:\/\/www.newsrecorder.ro\/app\/wp-json\/wp\/v2\/media\/16436"}],"wp:attachment":[{"href":"https:\/\/www.newsrecorder.ro\/app\/wp-json\/wp\/v2\/media?parent=16435"}],"wp:term":[{"taxonomy":"category","embeddable":true,"href":"https:\/\/www.newsrecorder.ro\/app\/wp-json\/wp\/v2\/categories?post=16435"},{"taxonomy":"post_tag","embeddable":true,"href":"https:\/\/www.newsrecorder.ro\/app\/wp-json\/wp\/v2\/tags?post=16435"}],"curies":[{"name":"wp","href":"https:\/\/api.w.org\/{rel}","templated":true}]}}