{"id":16443,"date":"2026-04-28T17:09:33","date_gmt":"2026-04-28T17:09:33","guid":{"rendered":"https:\/\/www.newsrecorder.ro\/app\/2026\/04\/28\/romania-pe-podiumul-antreprenoriatului-tineresc-in-ue\/"},"modified":"2026-04-28T17:09:33","modified_gmt":"2026-04-28T17:09:33","slug":"romania-pe-podiumul-antreprenoriatului-tineresc-in-ue","status":"publish","type":"post","link":"https:\/\/www.newsrecorder.ro\/app\/2026\/04\/28\/romania-pe-podiumul-antreprenoriatului-tineresc-in-ue\/","title":{"rendered":"Rom\u00e2nia, pe podiumul antreprenoriatului tineresc \u00een UE!"},"content":{"rendered":"<p>Tinerii antreprenori rom\u00e2ni, cu v\u00e2rste cuprinse \u00eentre 20 \u0219i 29 de ani, constituie aproximativ 8% din for\u021ba de munc\u0103 a Uniunii Europene, ceea ce se traduce \u00een peste dou\u0103 milioane de persoane. Rom\u00e2nia se afl\u0103 printre \u021b\u0103rile cu cele mai mari procente de antreprenoriat tineret, al\u0103turi de Slovacia (12%) \u0219i Malta (10,5%), av\u00e2nd o pondere de aproximativ 10%, conform <a href=\"https:\/\/www.euronews.com\/my-europe\/2026\/04\/28\/which-european-countries-have-the-most-teenage-entrepreneurs\" target=\"_blank\" rel=\"noopener\">Euronews<\/a>. \u00cen contrast, alte na\u021biuni precum Cehia, Fran\u021ba, Olanda, Letonia, Belgia \u0219i Polonia \u00eenregistreaz\u0103 valori \u00eentre 8% \u0219i 10%, \u00een timp ce Irlanda, Bulgaria \u0219i Spania se afl\u0103 la coada clasamentului, cu procente cuprinse \u00eentre 5% \u0219i 6%.<\/p>\n<p>Cre\u0219terea num\u0103rului de antreprenori adolescen\u021bi este un alt aspect notabil. \u00cen Uniunea European\u0103, exist\u0103 \u00een jur de 69.000 de antreprenori cu v\u00e2rste \u00eentre 15 \u0219i 19 ani, segment care a crescut cu 10% \u00een intervalul 2022-2023. Majoritatea acestor tineri antreprenori sunt b\u0103ie\u021bi, aproximativ 47.000, comparativ cu 22.000 de fete. Cele mai multe cazuri de antreprenoriat adolescent se reg\u0103sesc \u00een Olanda (aproximativ 12.000) \u0219i Italia (circa 11.000). De asemenea, Turcia se eviden\u021biaz\u0103 cu aproape 33.000 de adolescen\u021bi implica\u021bi \u00een afaceri, un num\u0103r \u0219i mai mare comparativ cu media din UE.<\/p>\n<p>De\u0219i Rom\u00e2nia se distinge printr-o pondere considerabil\u0103 a tinerilor antreprenori, situa\u021bia general\u0103 a ocup\u0103rii for\u021bei de munc\u0103 \u00een r\u00e2ndul tinerilor este mai pu\u021bin optimist\u0103. Aproximativ 66% dintre tinerii europeni cu v\u00e2rste \u00eentre 20 \u0219i 29 de ani sunt angaja\u021bi, \u00eens\u0103 Rom\u00e2nia \u0219i Bulgaria se afl\u0103 pe ultimele locuri, cu rate de ocupare de pu\u021bin peste 50%. Aceast\u0103 realitate sugereaz\u0103 c\u0103 antreprenoriatul poate fi o solu\u021bie viabil\u0103 pentru tinerii rom\u00e2ni, \u00een condi\u021biile \u00een care oportunit\u0103\u021bile pe pia\u021ba muncii sunt limitate.<\/p>\n<p>Pe de alt\u0103 parte, peisajul antreprenorial din Uniunea European\u0103 este diversificat, fiecare stat av\u00e2nd propriile avantaje. Estonia este recunoscut\u0103 ca una dintre cele mai prietenoase economii pentru afaceri, oferind posibilitatea de a \u00eenfiin\u021ba firme complet online \u0219i taxe zero pe profitul reinvestit. Irlanda continu\u0103 s\u0103 atrag\u0103 antreprenori prin impozitul redus pe profit \u0219i facilit\u0103\u021bile pentru cercetare, \u00een timp ce Portugalia se remarc\u0103 prin proceduri simple \u0219i costuri accesibile pentru deschiderea unei afaceri. Lituania, de asemenea, devine atractiv\u0103 pentru IMM-uri datorit\u0103 impozitelor reduse \u0219i costurilor opera\u021bionale sc\u0103zute.<\/p>\n<p>\u00cen concluzie, datele arat\u0103 o tendin\u021b\u0103 cresc\u0103toare a antreprenoriatului \u00een r\u00e2ndul tinerilor, inclusiv adolescen\u021bi, la nivel european. Rom\u00e2nia, cu o pozi\u021bie frunta\u0219\u0103 \u00een acest clasament, demonstreaz\u0103 un poten\u021bial antreprenorial considerabil, dar este nevoie de politici adecvate care s\u0103 sprijine dezvoltarea afacerilor \u0219i integrarea tinerilor pe <a href=\"https:\/\/www.mediafax.ro\/politic\/bilantul-lui-florin-manole-la-final-de-mandat-am-facut-o-noua-lege-a-salarizarii-in-care-nimeni-sa-nu-piarda-din-venituri-23727121\" target=\"_blank\" rel=\"noopener\">pia\u021ba muncii<\/a>.<\/p>\n","protected":false},"excerpt":{"rendered":"<p>Tinerii antreprenori rom\u00e2ni, cu v\u00e2rste cuprinse \u00eentre 20 \u0219i 29 de ani, constituie aproximativ 8% din for\u021ba de munc\u0103 a Uniunii Europene, ceea ce se traduce \u00een peste dou\u0103 milioane de persoane. Rom\u00e2nia se afl\u0103 printre \u021b\u0103rile cu cele mai mari procente de antreprenoriat tineret, al\u0103turi de Slovacia (12%) \u0219i Malta (10,5%), av\u00e2nd o pondere [&hellip;]<\/p>\n","protected":false},"author":4,"featured_media":16444,"comment_status":"open","ping_status":"open","sticky":false,"template":"","format":"standard","meta":{"jnews-multi-image_gallery":[],"jnews_single_post":[],"jnews_primary_category":[],"jnews_override_counter":[],"footnotes":""},"categories":[40],"tags":[832,6132,387,2229,18748,149,18747,321],"class_list":["post-16443","post","type-post","status-publish","format-standard","has-post-thumbnail","hentry","category-econonie","tag-adolescenti","tag-antreprenoriat","tag-crestere","tag-forta-de-munca","tag-gen","tag-romania","tag-tineri-antreprenori","tag-uniunea-europeana"],"_links":{"self":[{"href":"https:\/\/www.newsrecorder.ro\/app\/wp-json\/wp\/v2\/posts\/16443","targetHints":{"allow":["GET"]}}],"collection":[{"href":"https:\/\/www.newsrecorder.ro\/app\/wp-json\/wp\/v2\/posts"}],"about":[{"href":"https:\/\/www.newsrecorder.ro\/app\/wp-json\/wp\/v2\/types\/post"}],"author":[{"embeddable":true,"href":"https:\/\/www.newsrecorder.ro\/app\/wp-json\/wp\/v2\/users\/4"}],"replies":[{"embeddable":true,"href":"https:\/\/www.newsrecorder.ro\/app\/wp-json\/wp\/v2\/comments?post=16443"}],"version-history":[{"count":0,"href":"https:\/\/www.newsrecorder.ro\/app\/wp-json\/wp\/v2\/posts\/16443\/revisions"}],"wp:featuredmedia":[{"embeddable":true,"href":"https:\/\/www.newsrecorder.ro\/app\/wp-json\/wp\/v2\/media\/16444"}],"wp:attachment":[{"href":"https:\/\/www.newsrecorder.ro\/app\/wp-json\/wp\/v2\/media?parent=16443"}],"wp:term":[{"taxonomy":"category","embeddable":true,"href":"https:\/\/www.newsrecorder.ro\/app\/wp-json\/wp\/v2\/categories?post=16443"},{"taxonomy":"post_tag","embeddable":true,"href":"https:\/\/www.newsrecorder.ro\/app\/wp-json\/wp\/v2\/tags?post=16443"}],"curies":[{"name":"wp","href":"https:\/\/api.w.org\/{rel}","templated":true}]}}