{"id":16445,"date":"2026-04-28T17:49:32","date_gmt":"2026-04-28T17:49:32","guid":{"rendered":"https:\/\/www.newsrecorder.ro\/app\/2026\/04\/28\/bucurestiul-se-pregateste-pentru-o-iarna-timpurie-ploi-si-frig\/"},"modified":"2026-04-28T17:49:32","modified_gmt":"2026-04-28T17:49:32","slug":"bucurestiul-se-pregateste-pentru-o-iarna-timpurie-ploi-si-frig","status":"publish","type":"post","link":"https:\/\/www.newsrecorder.ro\/app\/2026\/04\/28\/bucurestiul-se-pregateste-pentru-o-iarna-timpurie-ploi-si-frig\/","title":{"rendered":"Bucure\u0219tiul se preg\u0103te\u0219te pentru o iarn\u0103 timpurie: ploi \u0219i frig!"},"content":{"rendered":"<p>Conform <a href=\"https:\/\/www.meteoromania.ro\/\" target=\"_blank\" rel=\"noopener\">Administra\u021biei Na\u021bionale de Meteorologie<\/a>, \u00eentre 29 aprilie, ora 09:00, \u0219i 2 mai, ora 10:00, se va \u00eenregistra o informare meteorologic\u0103 ce semnaleaz\u0103 condi\u021bii deosebit de reci pentru aceast\u0103 perioad\u0103 a anului.<\/p>\n<p><strong>29\u201330 aprilie: R\u0103cire accentuat\u0103 \u0219i ploi<\/strong><\/p>\n<p>\u00cen perioada 29 aprilie, ora 09:00, p\u00e2n\u0103 pe 30 aprilie, ora 09:00, vremea va deveni semnificativ mai rece dec\u00e2t de obicei. Cerul va fi predominant noros, iar ploi temporare se vor face sim\u021bite pe parcursul zilei. V\u00e2ntul va avea o intensitate moderat\u0103, contribuind la percep\u021bia de r\u0103coare. Temperaturile maxime vor sc\u0103dea comparativ cu ziua precedent\u0103, ajung\u00e2nd la 13-14 grade Celsius, \u00een timp ce temperaturile minime vor oscila \u00eentre 5 \u0219i 7 grade.<\/p>\n<p><strong>30 aprilie \u2013 1 mai: Frig deosebit pentru aceast\u0103 perioad\u0103<\/strong><\/p>\n<p>R\u0103cirea va continua s\u0103 se intensifice \u00eentre 30 aprilie, ora 09:00, \u0219i 1 mai, ora 09:00, c\u00e2nd vremea se va a\u0219eza la un nivel deosebit de rece pentru finalul lunii aprilie. Cerul va r\u0103m\u00e2ne \u00eennorat, iar ploile vor ap\u0103rea temporar, cu o probabilitate mai mare de precipita\u021bii \u00een timpul zilei \u0219i seara. V\u00e2ntul va sufla moderat, intensific\u00e2ndu-se pe parcursul zilei, cu rafale ce vor atinge viteze de 35-45 km\/h. Temperaturile maxime vor sc\u0103dea la aproximativ 8 grade Celsius, iar minimile vor fi de 3-4 grade, cu valori chiar mai sc\u0103zute, ating\u00e2nd 1 grad \u00een zonele periferice ale ora\u0219ului.<\/p>\n<p><strong>1\u20132 mai: Vreme rece \u0219i instabil\u0103<\/strong><\/p>\n<p>\u00centre 1 mai, ora 09:00, \u0219i 2 mai, ora 10:00, vremea va r\u0103m\u00e2ne deosebit de rece pentru aceast\u0103 perioad\u0103. Temperaturile maxime vor \u00eenregistra o u\u0219oar\u0103 cre\u0219tere, ating\u00e2nd 12-14 grade, \u00eens\u0103 nop\u021bile vor continua s\u0103 fie reci, cu minime de 3-4 grade \u0219i valori apropiate de 1 grad \u00een zona preor\u0103\u0219eneasc\u0103. Cerul va prezenta \u00eennor\u0103ri temporare, iar ploile vor fi mai frecvente \u00een a doua parte a zilei. V\u00e2ntul va continua s\u0103 fie de intensitate moderat\u0103.<\/p>\n<p><strong>Informare meteo \u00een vigoare<\/strong><\/p>\n<p>Pe \u00eentreaga perioad\u0103 men\u021bionat\u0103, Bucure\u0219tiul se va afla sub o informare meteorologic\u0103 care indic\u0103 <a href=\"https:\/\/www.mediafax.ro\/meteo\/se-strica-vremea-in-romania-va-fi-frig-si-in-unele-zone-va-ninge-23727660\" target=\"_blank\" rel=\"noopener\">vreme deosebit de rece<\/a>, ploi moderate cantitativ \u0219i intensific\u0103ri ale v\u00e2ntului. Administra\u021bia Na\u021bional\u0103 de Meteorologie subliniaz\u0103 c\u0103 prognoza poate fi actualizat\u0103 \u00een func\u021bie de evolu\u021bia fenomenelor meteorologice, inclusiv prin emiterea de avertiz\u0103ri de tip nowcasting pentru fenomene severe imediate.<\/p>\n<p>Acest episod de r\u0103cire vine \u00eentr-un moment \u00een care temperaturile obi\u0219nuite pentru aceast\u0103 perioad\u0103 ar fi trebuit s\u0103 fie semnificativ mai ridicate, accentu\u00e2nd astfel senza\u021bia de frig resim\u021bit\u0103 de locuitorii Capitalei.<\/p>\n","protected":false},"excerpt":{"rendered":"<p>Conform Administra\u021biei Na\u021bionale de Meteorologie, \u00eentre 29 aprilie, ora 09:00, \u0219i 2 mai, ora 10:00, se va \u00eenregistra o informare meteorologic\u0103 ce semnaleaz\u0103 condi\u021bii deosebit de reci pentru aceast\u0103 perioad\u0103 a anului. 29\u201330 aprilie: R\u0103cire accentuat\u0103 \u0219i ploi \u00cen perioada 29 aprilie, ora 09:00, p\u00e2n\u0103 pe 30 aprilie, ora 09:00, vremea va deveni semnificativ mai [&hellip;]<\/p>\n","protected":false},"author":5,"featured_media":16446,"comment_status":"open","ping_status":"open","sticky":false,"template":"","format":"standard","meta":{"jnews-multi-image_gallery":[],"jnews_single_post":[],"jnews_primary_category":[],"jnews_override_counter":[],"footnotes":""},"categories":[45],"tags":[1375,4028,16818,12471,1155,126,137,139],"class_list":["post-16445","post","type-post","status-publish","format-standard","has-post-thumbnail","hentry","category-meteo","tag-aprilie","tag-informare-meteorologica","tag-mai","tag-ploi","tag-racire","tag-temperaturi","tag-vant","tag-vreme-rece"],"_links":{"self":[{"href":"https:\/\/www.newsrecorder.ro\/app\/wp-json\/wp\/v2\/posts\/16445","targetHints":{"allow":["GET"]}}],"collection":[{"href":"https:\/\/www.newsrecorder.ro\/app\/wp-json\/wp\/v2\/posts"}],"about":[{"href":"https:\/\/www.newsrecorder.ro\/app\/wp-json\/wp\/v2\/types\/post"}],"author":[{"embeddable":true,"href":"https:\/\/www.newsrecorder.ro\/app\/wp-json\/wp\/v2\/users\/5"}],"replies":[{"embeddable":true,"href":"https:\/\/www.newsrecorder.ro\/app\/wp-json\/wp\/v2\/comments?post=16445"}],"version-history":[{"count":0,"href":"https:\/\/www.newsrecorder.ro\/app\/wp-json\/wp\/v2\/posts\/16445\/revisions"}],"wp:featuredmedia":[{"embeddable":true,"href":"https:\/\/www.newsrecorder.ro\/app\/wp-json\/wp\/v2\/media\/16446"}],"wp:attachment":[{"href":"https:\/\/www.newsrecorder.ro\/app\/wp-json\/wp\/v2\/media?parent=16445"}],"wp:term":[{"taxonomy":"category","embeddable":true,"href":"https:\/\/www.newsrecorder.ro\/app\/wp-json\/wp\/v2\/categories?post=16445"},{"taxonomy":"post_tag","embeddable":true,"href":"https:\/\/www.newsrecorder.ro\/app\/wp-json\/wp\/v2\/tags?post=16445"}],"curies":[{"name":"wp","href":"https:\/\/api.w.org\/{rel}","templated":true}]}}