{"id":16447,"date":"2026-04-28T17:49:44","date_gmt":"2026-04-28T17:49:44","guid":{"rendered":"https:\/\/www.newsrecorder.ro\/app\/2026\/04\/28\/vremea-se-raceste-in-romania-zapada-si-frig-in-mai-multe-zone\/"},"modified":"2026-04-28T17:49:44","modified_gmt":"2026-04-28T17:49:44","slug":"vremea-se-raceste-in-romania-zapada-si-frig-in-mai-multe-zone","status":"publish","type":"post","link":"https:\/\/www.newsrecorder.ro\/app\/2026\/04\/28\/vremea-se-raceste-in-romania-zapada-si-frig-in-mai-multe-zone\/","title":{"rendered":"Vremea se r\u0103ce\u0219te \u00een Rom\u00e2nia: z\u0103pad\u0103 \u0219i frig \u00een mai multe zone!"},"content":{"rendered":"<p>Vremea se va transforma semnificativ \u00eencep\u00e2nd de m\u00e2ine. Conform unei aten\u021bion\u0103ri meteorologice, \u00eencep\u00e2nd cu data de 29 aprilie, \u201evalorile termice vor \u00eenregistra o sc\u0103dere \u00een \u00eentreaga \u021bar\u0103, iar joi \u0219i vineri se va resim\u021bi o vreme deosebit de rece pentru aceast\u0103 perioad\u0103, cu abateri de 8\u202612 grade fa\u021b\u0103 de mediile multianuale\u201d.<\/p>\n<p>Noaptea, \u00een special \u00een jum\u0103tatea de nord a \u021b\u0103rii \u0219i izolat \u00een alte regiuni, se va forma brum\u0103.<\/p>\n<p>\u00cen perioada men\u021bionat\u0103, se a\u0219teapt\u0103 precipita\u021bii, mai ales \u00een sudul \u0219i estul \u021b\u0103rii, unde cantit\u0103\u021bile de ap\u0103 vor varia \u00eentre 10\u202615 l\/mp, iar \u00een anumite zone pot dep\u0103\u0219i 20 l\/mp.<\/p>\n<p>La munte, dar \u0219i trec\u0103tor \u00een dealurile subcarpatice ale Moldovei, precum \u0219i \u00een regiunile estice \u0219i sud-estice ale Transilvaniei, se vor \u00eenregistra precipita\u021bii mixte, incluz\u00e2nd ploaie, lapovi\u021b\u0103, m\u0103z\u0103riche \u0219i ninsoare. La altitudini de peste 1400 m, ninsorile vor fi predominante, iar stratul de z\u0103pad\u0103 va varia \u00eentre 5 \u0219i 8 cm.<\/p>\n<p>De asemenea, v\u00e2ntul va avea intensific\u0103ri temporare \u00een majoritatea regiunilor, cu viteze ce vor atinge 40\u202645 km\/h, iar \u00een zonele montane \u00eenalte, rafalele vor dep\u0103\u0219i 60\u202670 km\/h.<\/p>\n","protected":false},"excerpt":{"rendered":"<p>Vremea se va transforma semnificativ \u00eencep\u00e2nd de m\u00e2ine. Conform unei aten\u021bion\u0103ri meteorologice, \u00eencep\u00e2nd cu data de 29 aprilie, \u201evalorile termice vor \u00eenregistra o sc\u0103dere \u00een \u00eentreaga \u021bar\u0103, iar joi \u0219i vineri se va resim\u021bi o vreme deosebit de rece pentru aceast\u0103 perioad\u0103, cu abateri de 8\u202612 grade fa\u021b\u0103 de mediile multianuale\u201d. Noaptea, \u00een special \u00een [&hellip;]<\/p>\n","protected":false},"author":5,"featured_media":16448,"comment_status":"open","ping_status":"open","sticky":false,"template":"","format":"standard","meta":{"jnews-multi-image_gallery":[],"jnews_single_post":[],"jnews_primary_category":[],"jnews_override_counter":[],"footnotes":""},"categories":[45],"tags":[993,13053,743,135,18749,1559,263,2343],"class_list":["post-16447","post","type-post","status-publish","format-standard","has-post-thumbnail","hentry","category-meteo","tag-atentionare-meteorologica","tag-bruma","tag-ninsoare","tag-precipitatii","tag-scadere-termica","tag-sud-est","tag-transilvania","tag-vremea"],"_links":{"self":[{"href":"https:\/\/www.newsrecorder.ro\/app\/wp-json\/wp\/v2\/posts\/16447","targetHints":{"allow":["GET"]}}],"collection":[{"href":"https:\/\/www.newsrecorder.ro\/app\/wp-json\/wp\/v2\/posts"}],"about":[{"href":"https:\/\/www.newsrecorder.ro\/app\/wp-json\/wp\/v2\/types\/post"}],"author":[{"embeddable":true,"href":"https:\/\/www.newsrecorder.ro\/app\/wp-json\/wp\/v2\/users\/5"}],"replies":[{"embeddable":true,"href":"https:\/\/www.newsrecorder.ro\/app\/wp-json\/wp\/v2\/comments?post=16447"}],"version-history":[{"count":0,"href":"https:\/\/www.newsrecorder.ro\/app\/wp-json\/wp\/v2\/posts\/16447\/revisions"}],"wp:featuredmedia":[{"embeddable":true,"href":"https:\/\/www.newsrecorder.ro\/app\/wp-json\/wp\/v2\/media\/16448"}],"wp:attachment":[{"href":"https:\/\/www.newsrecorder.ro\/app\/wp-json\/wp\/v2\/media?parent=16447"}],"wp:term":[{"taxonomy":"category","embeddable":true,"href":"https:\/\/www.newsrecorder.ro\/app\/wp-json\/wp\/v2\/categories?post=16447"},{"taxonomy":"post_tag","embeddable":true,"href":"https:\/\/www.newsrecorder.ro\/app\/wp-json\/wp\/v2\/tags?post=16447"}],"curies":[{"name":"wp","href":"https:\/\/api.w.org\/{rel}","templated":true}]}}