{"id":16449,"date":"2026-04-28T17:50:02","date_gmt":"2026-04-28T17:50:02","guid":{"rendered":"https:\/\/www.newsrecorder.ro\/app\/2026\/04\/28\/nazare-anunta-reducerea-deficitului-dupa-executia-bugetara-t1\/"},"modified":"2026-04-28T17:50:02","modified_gmt":"2026-04-28T17:50:02","slug":"nazare-anunta-reducerea-deficitului-dupa-executia-bugetara-t1","status":"publish","type":"post","link":"https:\/\/www.newsrecorder.ro\/app\/2026\/04\/28\/nazare-anunta-reducerea-deficitului-dupa-executia-bugetara-t1\/","title":{"rendered":"Nazare anun\u021b\u0103 reducerea deficitului dup\u0103 execu\u021bia bugetar\u0103 T1!"},"content":{"rendered":"<p>\u00centr-un peisaj interna\u021bional caracterizat prin major\u0103ri ale dob\u00e2nzilor, cre\u0219teri ale costurilor de finan\u021bare \u0219i o \u00eencetinire economic\u0103 \u00een numeroase state europene, Rom\u00e2nia reu\u0219e\u0219te s\u0103 implementeze o corec\u021bie semnificativ\u0103 \u0219i credibil\u0103. Potrivit ministrului de Finan\u021be, Nazare, cea mai notabil\u0103 realizare este reducerea deficitului bugetar la 1,03% din PIB, o sc\u0103dere considerabil\u0103 fa\u021b\u0103 de 2,28% \u00eenregistrat \u00een primul trimestru din 2025. Aceast\u0103 realizare reprezint\u0103 un pas important pentru credibilitatea financiar\u0103 a \u021b\u0103rii, \u00een condi\u021biile \u00een care pie\u021bele reac\u021bioneaz\u0103 rapid la orice derapaj bugetar.<\/p>\n<p>Ministrul subliniaz\u0103 c\u0103 veniturile statului au crescut cu 12,3%, dep\u0103\u0219ind ritmul de dezvoltare economic\u0103. Aceasta eviden\u021biaz\u0103 efectele pozitive ale m\u0103surilor de extindere a bazei de impozitare \u0219i a \u00eembun\u0103t\u0103\u021birii colect\u0103rii impozitelor. De asemenea, restituirile de TVA au crescut, ceea ce contribuie la \u00eembun\u0103t\u0103\u021birea lichidit\u0103\u021bii economice.<\/p>\n<p>Pe frontul cheltuielilor, se remarc\u0103 o sc\u0103dere a acestora ca pondere \u00een <a href=\"https:\/\/www.mediafax.ro\/economic\/mfp-deficitul-bugetar-a-ajuns-la-103-din-pib-dupa-trei-luni-din-2026-de-peste-doua-ori-mai-mic-decat-la-31-martie-2025-23728018\" target=\"_blank\" rel=\"noopener\">PIB<\/a>, \u00eenso\u021bit\u0103 de o disciplin\u0103 clar\u0103, inclusiv \u00een ceea ce prive\u0219te cheltuielile de personal. Aceasta demonstreaz\u0103 c\u0103 ajust\u0103rile bugetare nu se realizeaz\u0103 doar prin cre\u0219terea veniturilor, ci \u0219i printr-o gestionare responsabil\u0103 a cheltuielilor. Investi\u021biile r\u0103m\u00e2n la un nivel ridicat, fiind \u00een principal finan\u021bate din fonduri europene, ceea ce reprezint\u0103 un aspect pozitiv \u00een contextul bugetar actual al Rom\u00e2niei, deoarece permite dezvoltarea f\u0103r\u0103 a pune presiune suplimentar\u0103 pe deficit \u0219i pe \u00eemprumuturile interne.<\/p>\n<p>Un alt punct important este cre\u0219terea semnificativ\u0103 a sumelor rambursate de Uniunea European\u0103, ceea ce confirm\u0103 accelerarea absorb\u021biei fondurilor europene \u2013 o prioritate strategic\u0103 pentru acest an. Toate aceste evolu\u021bii din raportul curent al execu\u021biei bugetare transmit un mesaj clar: guvernul condus de Ilie Bolojan \u00ee\u0219i corecteaz\u0103 dezechilibrele \u00eentr-un mod sustenabil, f\u0103r\u0103 a compromite investi\u021biile \u0219i cre\u0219terea economic\u0103, chiar \u0219i \u00een fa\u021ba instabilit\u0103\u021bii externe \u0219i interne. Ministrul sper\u0103 c\u0103 publicarea acestor date va contribui la atenuarea efectelor recente ale cre\u0219terii dob\u00e2nzilor, oferind pie\u021belor o baz\u0103 solid\u0103 pentru a sus\u021bine direc\u021bia responsabil\u0103 a finan\u021belor publice ale Rom\u00e2niei.<\/p>\n<p id=\"p-0\">Executarea bugetului general consolidat \u00een primele trei luni ale anului 2026 a \u00eenregistrat un deficit de 21,09 miliarde de lei, echivalent cu 1,03% din PIB. Comparativ, deficitul din aceea\u0219i perioad\u0103 a anului 2025 a fost de 43,66 miliarde de lei, reprezent\u00e2nd 2,28% din PIB. Aceast\u0103 evolu\u021bie semnific\u0103 o diminuare de 1,25% a deficitului bugetar ca pondere \u00een PIB, sus\u021binut\u0103 de cre\u0219terea veniturilor \u0219i un control eficient al cheltuielilor. \u00cen termeni nominali, sc\u0103derea deficitului este de aproximativ dou\u0103 ori mai mic\u0103, av\u00e2nd \u00een vedere cre\u0219terea PIB-ului anual.<\/p>\n","protected":false},"excerpt":{"rendered":"<p>\u00centr-un peisaj interna\u021bional caracterizat prin major\u0103ri ale dob\u00e2nzilor, cre\u0219teri ale costurilor de finan\u021bare \u0219i o \u00eencetinire economic\u0103 \u00een numeroase state europene, Rom\u00e2nia reu\u0219e\u0219te s\u0103 implementeze o corec\u021bie semnificativ\u0103 \u0219i credibil\u0103. Potrivit ministrului de Finan\u021be, Nazare, cea mai notabil\u0103 realizare este reducerea deficitului bugetar la 1,03% din PIB, o sc\u0103dere considerabil\u0103 fa\u021b\u0103 de 2,28% \u00eenregistrat \u00een [&hellip;]<\/p>\n","protected":false},"author":4,"featured_media":16450,"comment_status":"open","ping_status":"open","sticky":false,"template":"","format":"standard","meta":{"jnews-multi-image_gallery":[],"jnews_single_post":[],"jnews_primary_category":[],"jnews_override_counter":[],"footnotes":""},"categories":[40],"tags":[2420,298,947,1910,18750,2955,149,13382],"class_list":["post-16449","post","type-post","status-publish","format-standard","has-post-thumbnail","hentry","category-econonie","tag-crestere-economica","tag-deficit-bugetar","tag-impozitare","tag-lichiditate","tag-nazare","tag-piete-financiare","tag-romania","tag-veniturile-statului"],"_links":{"self":[{"href":"https:\/\/www.newsrecorder.ro\/app\/wp-json\/wp\/v2\/posts\/16449","targetHints":{"allow":["GET"]}}],"collection":[{"href":"https:\/\/www.newsrecorder.ro\/app\/wp-json\/wp\/v2\/posts"}],"about":[{"href":"https:\/\/www.newsrecorder.ro\/app\/wp-json\/wp\/v2\/types\/post"}],"author":[{"embeddable":true,"href":"https:\/\/www.newsrecorder.ro\/app\/wp-json\/wp\/v2\/users\/4"}],"replies":[{"embeddable":true,"href":"https:\/\/www.newsrecorder.ro\/app\/wp-json\/wp\/v2\/comments?post=16449"}],"version-history":[{"count":0,"href":"https:\/\/www.newsrecorder.ro\/app\/wp-json\/wp\/v2\/posts\/16449\/revisions"}],"wp:featuredmedia":[{"embeddable":true,"href":"https:\/\/www.newsrecorder.ro\/app\/wp-json\/wp\/v2\/media\/16450"}],"wp:attachment":[{"href":"https:\/\/www.newsrecorder.ro\/app\/wp-json\/wp\/v2\/media?parent=16449"}],"wp:term":[{"taxonomy":"category","embeddable":true,"href":"https:\/\/www.newsrecorder.ro\/app\/wp-json\/wp\/v2\/categories?post=16449"},{"taxonomy":"post_tag","embeddable":true,"href":"https:\/\/www.newsrecorder.ro\/app\/wp-json\/wp\/v2\/tags?post=16449"}],"curies":[{"name":"wp","href":"https:\/\/api.w.org\/{rel}","templated":true}]}}