{"id":16451,"date":"2026-04-28T17:50:23","date_gmt":"2026-04-28T17:50:23","guid":{"rendered":"https:\/\/www.newsrecorder.ro\/app\/2026\/04\/28\/parlamentul-aproba-programul-safe-modernizarea-armatei-si-salvarea-santierului-mangalia\/"},"modified":"2026-04-28T17:50:23","modified_gmt":"2026-04-28T17:50:23","slug":"parlamentul-aproba-programul-safe-modernizarea-armatei-si-salvarea-santierului-mangalia","status":"publish","type":"post","link":"https:\/\/www.newsrecorder.ro\/app\/2026\/04\/28\/parlamentul-aproba-programul-safe-modernizarea-armatei-si-salvarea-santierului-mangalia\/","title":{"rendered":"Parlamentul aprob\u0103 programul SAFE: Modernizarea armatei \u0219i salvarea \u0219antierului Mangalia!"},"content":{"rendered":"<p>Comisiile de Ap\u0103rare din cele dou\u0103 camere ale Parlamentului au dat und\u0103 verde programului SAFE, un demers esen\u021bial dedicat sprijinirii companiilor rom\u00e2ne\u0219ti, care vor avea ocazia s\u0103 primeasc\u0103 comenzi din partea armatei na\u021bionale.<\/p>\n<p>Ministrul Ap\u0103r\u0103rii a declarat: \u201eDup\u0103 luni de munc\u0103 intens\u0103 pentru dezvoltarea programului SAFE, am reu\u0219it s\u0103 asigur\u0103m realizarea acestuia, chiar \u0219i \u00eentr-un climat politic haotic. Era un risc semnificativ. \u00cei mul\u021bumesc domnului pre\u0219edinte Nicu\u0219or Dan pentru apelul s\u0103u la un armisti\u021biu. Ast\u0103zi, avem o protec\u021bie solid\u0103 \u00een jurul acestui instrument SAFE.\u201d<\/p>\n<p>Unul dintre cele mai importante avantaje ale implement\u0103rii acestui program este localizarea produc\u021biei de armament \u00een fabricile din Rom\u00e2nia, ceea ce va contribui la dezvoltarea economic\u0103 a \u021b\u0103rii.<\/p>\n<p>\u201eStabilim o limit\u0103 minim\u0103 obligatorie de localizare pentru aceste proiecte. Flexibilitatea \u00een cre\u0219tere depinde de capacitatea companiilor rom\u00e2ne\u0219ti de a se adapta rapid la necesit\u0103\u021bile de construire a acestor programe. Este o schimbare semnificativ\u0103 fa\u021b\u0103 de politica anterioar\u0103, c\u00e2nd nu existau obliga\u021bii de localizare, iar Ministerul Ap\u0103r\u0103rii accepta dona\u021bii de produse fabricate \u00een alte \u021b\u0103ri ca un substitut. Aceast\u0103 nou\u0103 abordare va duce la o produc\u021bie intern\u0103 mai robust\u0103\u201d, a explicat Radu Miru\u021b\u0103.<\/p>\n<p>Acest program ar putea reprezenta o salvare pentru \u0218antierul Naval Mangalia, aflat acum \u00een procedur\u0103 de faliment. \u201eLocalizarea \u00eenseamn\u0103 ast\u0103zi construirea de fabrici \u00een Rom\u00e2nia. Le-am promis angaja\u021bilor de la \u0218antierul Naval Mangalia 2 Mai c\u0103 vom salva aceast\u0103 unitate. Acum m\u0103 uit \u00een fa\u021ba lor cu speran\u021b\u0103\u201d, a ad\u0103ugat Miru\u021b\u0103.<\/p>\n<p>Ministrul a subliniat c\u0103 traseul viitor al acestui proiect este mult mai clar \u0219i c\u0103 obstacolele care au existat \u00een trecut, \u00een special cele politice, au fost \u00eenl\u0103turate. \u201eDe ast\u0103zi, \u00een Parlament, este clar c\u0103 obliga\u021bia de a construi cele patru nave va avea loc prin salvarea \u0218antierului Mangalia 2 Mai. Nu mai exist\u0103 alte piedici politice care s\u0103 \u00eempiedice realizarea acestui lucru. Ar trebui s\u0103 existe o rea-voin\u021b\u0103 fantastica pentru a bloca acest proiect\u201d, a declarat el.<\/p>\n<p>Ministrul Ap\u0103r\u0103rii a discutat \u0219i despre ini\u021biativa de a fabrica un pachet de arme performante, sub licen\u021b\u0103, \u00een Rom\u00e2nia. \u201eAceast\u0103 arm\u0103 este \u00een discu\u021bii pentru a fi produs\u0103 la fabrica de arme din Cugir, iar muni\u021bia asociat\u0103 va fi fabricat\u0103 \u00een localitatea Sadu, unde exist\u0103 caracteristicile necesare. Este un pachet complex care include arme de asalt, pistoale \u0219i diverse calibre, toate specifice cerin\u021belor Ministerului Ap\u0103r\u0103rii\u201d, a precizat Radu Miru\u021b\u0103.<\/p>\n<p>Armamentul rezultat din acest program va fi destinat utiliz\u0103rii de c\u0103tre Armata Rom\u00e2n\u0103, Ministerul Afacerilor Interne, SPP \u0219i SRI, consolid\u00e2nd astfel capacit\u0103\u021bile de ap\u0103rare na\u021bional\u0103.<\/p>\n","protected":false},"excerpt":{"rendered":"<p>Comisiile de Ap\u0103rare din cele dou\u0103 camere ale Parlamentului au dat und\u0103 verde programului SAFE, un demers esen\u021bial dedicat sprijinirii companiilor rom\u00e2ne\u0219ti, care vor avea ocazia s\u0103 primeasc\u0103 comenzi din partea armatei na\u021bionale. Ministrul Ap\u0103r\u0103rii a declarat: \u201eDup\u0103 luni de munc\u0103 intens\u0103 pentru dezvoltarea programului SAFE, am reu\u0219it s\u0103 asigur\u0103m realizarea acestuia, chiar \u0219i \u00eentr-un [&hellip;]<\/p>\n","protected":false},"author":4,"featured_media":16452,"comment_status":"open","ping_status":"open","sticky":false,"template":"","format":"standard","meta":{"jnews-multi-image_gallery":[],"jnews_single_post":[],"jnews_primary_category":[],"jnews_override_counter":[],"footnotes":""},"categories":[40],"tags":[409,795,10610,1075,18751,286,444,4046],"class_list":["post-16451","post","type-post","status-publish","format-standard","has-post-thumbnail","hentry","category-econonie","tag-aparare","tag-armament","tag-companii-romanesti","tag-dezvoltare-economica","tag-localizare-productie","tag-nicusor-dan","tag-parlament","tag-program-safe"],"_links":{"self":[{"href":"https:\/\/www.newsrecorder.ro\/app\/wp-json\/wp\/v2\/posts\/16451","targetHints":{"allow":["GET"]}}],"collection":[{"href":"https:\/\/www.newsrecorder.ro\/app\/wp-json\/wp\/v2\/posts"}],"about":[{"href":"https:\/\/www.newsrecorder.ro\/app\/wp-json\/wp\/v2\/types\/post"}],"author":[{"embeddable":true,"href":"https:\/\/www.newsrecorder.ro\/app\/wp-json\/wp\/v2\/users\/4"}],"replies":[{"embeddable":true,"href":"https:\/\/www.newsrecorder.ro\/app\/wp-json\/wp\/v2\/comments?post=16451"}],"version-history":[{"count":0,"href":"https:\/\/www.newsrecorder.ro\/app\/wp-json\/wp\/v2\/posts\/16451\/revisions"}],"wp:featuredmedia":[{"embeddable":true,"href":"https:\/\/www.newsrecorder.ro\/app\/wp-json\/wp\/v2\/media\/16452"}],"wp:attachment":[{"href":"https:\/\/www.newsrecorder.ro\/app\/wp-json\/wp\/v2\/media?parent=16451"}],"wp:term":[{"taxonomy":"category","embeddable":true,"href":"https:\/\/www.newsrecorder.ro\/app\/wp-json\/wp\/v2\/categories?post=16451"},{"taxonomy":"post_tag","embeddable":true,"href":"https:\/\/www.newsrecorder.ro\/app\/wp-json\/wp\/v2\/tags?post=16451"}],"curies":[{"name":"wp","href":"https:\/\/api.w.org\/{rel}","templated":true}]}}