{"id":16455,"date":"2026-04-28T19:11:11","date_gmt":"2026-04-28T19:11:11","guid":{"rendered":"https:\/\/www.newsrecorder.ro\/app\/2026\/04\/28\/atentie-cod-galben-de-vant-in-transilvania-oltenia-si-moldova-2\/"},"modified":"2026-04-28T19:11:11","modified_gmt":"2026-04-28T19:11:11","slug":"atentie-cod-galben-de-vant-in-transilvania-oltenia-si-moldova-2","status":"publish","type":"post","link":"https:\/\/www.newsrecorder.ro\/app\/2026\/04\/28\/atentie-cod-galben-de-vant-in-transilvania-oltenia-si-moldova-2\/","title":{"rendered":"Aten\u021bie! Cod galben de v\u00e2nt \u00een Transilvania, Oltenia \u0219i Moldova"},"content":{"rendered":"<p>Conform informa\u021biilor furnizate de Administra\u021bia Na\u021bional\u0103 de Meteorologie (ANM), vineri, vremea va fi marcat\u0103 de intensific\u0103ri ale v\u00e2ntului \u00een diverse regiuni ale \u021b\u0103rii. Astfel, \u00een nordul, estul \u0219i sud-estul Transilvaniei, precum \u0219i \u00een nord-estul Moldovei \u0219i vestul Olteniei, se a\u0219teapt\u0103 rafale de v\u00e2nt cu viteze cuprinse \u00eentre 50 \u0219i 65 km\/h.<\/p>\n<p>\u00cen zonele montane, \u00een special \u00een Carpa\u021bii Meridionali \u0219i de Curbur\u0103, v\u00e2ntul va sufl\u0103 cu putere, ating\u00e2nd viteze de 70 p\u00e2n\u0103 la 90 km\/h.<\/p>\n<p>De asemenea, intensific\u0103ri temporare ale v\u00e2ntului vor fi observate \u0219i \u00een alte p\u0103r\u021bi ale \u021b\u0103rii, unde vitezele se vor situa, \u00een general, \u00eentre 40 \u0219i 45 km\/h.<\/p>\n<p>Avertizarea de cod galben este \u00een vigoare \u0219i va fi valabil\u0103 p\u00e2n\u0103 la ora 21:00, a\u0219a c\u0103 este recomandat s\u0103 se ia m\u0103suri de precau\u021bie \u00een fa\u021ba acestor condi\u021bii meteorologice.<\/p>\n","protected":false},"excerpt":{"rendered":"<p>Conform informa\u021biilor furnizate de Administra\u021bia Na\u021bional\u0103 de Meteorologie (ANM), vineri, vremea va fi marcat\u0103 de intensific\u0103ri ale v\u00e2ntului \u00een diverse regiuni ale \u021b\u0103rii. Astfel, \u00een nordul, estul \u0219i sud-estul Transilvaniei, precum \u0219i \u00een nord-estul Moldovei \u0219i vestul Olteniei, se a\u0219teapt\u0103 rafale de v\u00e2nt cu viteze cuprinse \u00eentre 50 \u0219i 65 km\/h. \u00cen zonele montane, \u00een [&hellip;]<\/p>\n","protected":false},"author":5,"featured_media":16456,"comment_status":"open","ping_status":"open","sticky":false,"template":"","format":"standard","meta":{"jnews-multi-image_gallery":[],"jnews_single_post":[],"jnews_primary_category":[],"jnews_override_counter":[],"footnotes":""},"categories":[45],"tags":[1145,196,133,871,5680,263,137,125],"class_list":["post-16455","post","type-post","status-publish","format-standard","has-post-thumbnail","hentry","category-meteo","tag-carpati","tag-cod-galben","tag-meteorologie","tag-moldova","tag-rafale","tag-transilvania","tag-vant","tag-vreme"],"_links":{"self":[{"href":"https:\/\/www.newsrecorder.ro\/app\/wp-json\/wp\/v2\/posts\/16455","targetHints":{"allow":["GET"]}}],"collection":[{"href":"https:\/\/www.newsrecorder.ro\/app\/wp-json\/wp\/v2\/posts"}],"about":[{"href":"https:\/\/www.newsrecorder.ro\/app\/wp-json\/wp\/v2\/types\/post"}],"author":[{"embeddable":true,"href":"https:\/\/www.newsrecorder.ro\/app\/wp-json\/wp\/v2\/users\/5"}],"replies":[{"embeddable":true,"href":"https:\/\/www.newsrecorder.ro\/app\/wp-json\/wp\/v2\/comments?post=16455"}],"version-history":[{"count":0,"href":"https:\/\/www.newsrecorder.ro\/app\/wp-json\/wp\/v2\/posts\/16455\/revisions"}],"wp:featuredmedia":[{"embeddable":true,"href":"https:\/\/www.newsrecorder.ro\/app\/wp-json\/wp\/v2\/media\/16456"}],"wp:attachment":[{"href":"https:\/\/www.newsrecorder.ro\/app\/wp-json\/wp\/v2\/media?parent=16455"}],"wp:term":[{"taxonomy":"category","embeddable":true,"href":"https:\/\/www.newsrecorder.ro\/app\/wp-json\/wp\/v2\/categories?post=16455"},{"taxonomy":"post_tag","embeddable":true,"href":"https:\/\/www.newsrecorder.ro\/app\/wp-json\/wp\/v2\/tags?post=16455"}],"curies":[{"name":"wp","href":"https:\/\/api.w.org\/{rel}","templated":true}]}}