{"id":16457,"date":"2026-04-28T19:11:30","date_gmt":"2026-04-28T19:11:30","guid":{"rendered":"https:\/\/www.newsrecorder.ro\/app\/2026\/04\/28\/vara-soseste-mai-devreme-temperaturi-de-primavara-in-mai\/"},"modified":"2026-04-28T19:11:30","modified_gmt":"2026-04-28T19:11:30","slug":"vara-soseste-mai-devreme-temperaturi-de-primavara-in-mai","status":"publish","type":"post","link":"https:\/\/www.newsrecorder.ro\/app\/2026\/04\/28\/vara-soseste-mai-devreme-temperaturi-de-primavara-in-mai\/","title":{"rendered":"Vara sose\u0219te mai devreme: Temperaturi de prim\u0103var\u0103 \u00een mai!"},"content":{"rendered":"<p>\u00cen perioada 25 aprilie &#8211; 4 mai, valorile termice din Rom\u00e2nia vor \u00eenregistra o sc\u0103dere semnificativ\u0103, situ\u00e2ndu-se cu mult sub normele specifice pentru aceast\u0103 s\u0103pt\u0103m\u00e2n\u0103. De asemenea, regimul pluviometric va fi excedentar \u00een regiunile sudice, estice \u0219i centrale ale \u021b\u0103rii, \u00een timp ce \u00een restul teritoriului precipita\u021biile vor fi \u00een general normale pentru acest interval.<\/p>\n<p>\u00centre 4 \u0219i 11 mai, temperaturile vor tinde s\u0103 se apropie de valorile normale pentru aceast\u0103 perioad\u0103, predomin\u00e2nd \u00een majoritatea regiunilor. Totu\u0219i, \u00een zona sud-vestic\u0103, se va observa un regim pluviometric u\u0219or deficitar, \u00een timp ce restul \u021b\u0103rii va beneficia de precipita\u021bii \u00een limite normale.<\/p>\n<p>\u00cen s\u0103pt\u0103m\u00e2na 11 &#8211; 18 mai, regimul termic va continua s\u0103 se men\u021bin\u0103 aproape de normal \u00een \u00eentreaga \u021bar\u0103. Cantit\u0103\u021bile de precipita\u021bii se vor alinia, de asemenea, la valorile normale pentru acest interval \u00een majoritatea regiunilor.<\/p>\n<p>\u00cen cele din urm\u0103, \u00eentre 18 \u0219i 25 mai, mediile valorilor termice vor fi conforme cu normele climatologice pentru aceast\u0103 perioad\u0103, la nivel na\u021bional. Regimul pluviometric va prezenta un caracter u\u0219or excedentar \u00een regiunile estice \u0219i sudice, \u00een timp ce zonele vestice vor avea un deficit u\u0219or, iar restul \u021b\u0103rii se va \u00eencadra \u00een normalitatea sezonului.<\/p>\n","protected":false},"excerpt":{"rendered":"<p>\u00cen perioada 25 aprilie &#8211; 4 mai, valorile termice din Rom\u00e2nia vor \u00eenregistra o sc\u0103dere semnificativ\u0103, situ\u00e2ndu-se cu mult sub normele specifice pentru aceast\u0103 s\u0103pt\u0103m\u00e2n\u0103. De asemenea, regimul pluviometric va fi excedentar \u00een regiunile sudice, estice \u0219i centrale ale \u021b\u0103rii, \u00een timp ce \u00een restul teritoriului precipita\u021biile vor fi \u00een general normale pentru acest interval. [&hellip;]<\/p>\n","protected":false},"author":5,"featured_media":16458,"comment_status":"open","ping_status":"open","sticky":false,"template":"","format":"standard","meta":{"jnews-multi-image_gallery":[],"jnews_single_post":[],"jnews_primary_category":[],"jnews_override_counter":[],"footnotes":""},"categories":[45],"tags":[18752,135,141,1812,149,16409,3723,1261],"class_list":["post-16457","post","type-post","status-publish","format-standard","has-post-thumbnail","hentry","category-meteo","tag-interval-mai","tag-precipitatii","tag-prognoza-meteo","tag-regimul-pluviometric","tag-romania","tag-scadere-temperaturi","tag-valori-normale","tag-valori-termice"],"_links":{"self":[{"href":"https:\/\/www.newsrecorder.ro\/app\/wp-json\/wp\/v2\/posts\/16457","targetHints":{"allow":["GET"]}}],"collection":[{"href":"https:\/\/www.newsrecorder.ro\/app\/wp-json\/wp\/v2\/posts"}],"about":[{"href":"https:\/\/www.newsrecorder.ro\/app\/wp-json\/wp\/v2\/types\/post"}],"author":[{"embeddable":true,"href":"https:\/\/www.newsrecorder.ro\/app\/wp-json\/wp\/v2\/users\/5"}],"replies":[{"embeddable":true,"href":"https:\/\/www.newsrecorder.ro\/app\/wp-json\/wp\/v2\/comments?post=16457"}],"version-history":[{"count":0,"href":"https:\/\/www.newsrecorder.ro\/app\/wp-json\/wp\/v2\/posts\/16457\/revisions"}],"wp:featuredmedia":[{"embeddable":true,"href":"https:\/\/www.newsrecorder.ro\/app\/wp-json\/wp\/v2\/media\/16458"}],"wp:attachment":[{"href":"https:\/\/www.newsrecorder.ro\/app\/wp-json\/wp\/v2\/media?parent=16457"}],"wp:term":[{"taxonomy":"category","embeddable":true,"href":"https:\/\/www.newsrecorder.ro\/app\/wp-json\/wp\/v2\/categories?post=16457"},{"taxonomy":"post_tag","embeddable":true,"href":"https:\/\/www.newsrecorder.ro\/app\/wp-json\/wp\/v2\/tags?post=16457"}],"curies":[{"name":"wp","href":"https:\/\/api.w.org\/{rel}","templated":true}]}}