{"id":16459,"date":"2026-04-28T19:11:44","date_gmt":"2026-04-28T19:11:44","guid":{"rendered":"https:\/\/www.newsrecorder.ro\/app\/2026\/04\/28\/bucuresti-frig-si-ploi-slabe-pana-vineri-vant-puternic-in-weekend\/"},"modified":"2026-04-28T19:11:44","modified_gmt":"2026-04-28T19:11:44","slug":"bucuresti-frig-si-ploi-slabe-pana-vineri-vant-puternic-in-weekend","status":"publish","type":"post","link":"https:\/\/www.newsrecorder.ro\/app\/2026\/04\/28\/bucuresti-frig-si-ploi-slabe-pana-vineri-vant-puternic-in-weekend\/","title":{"rendered":"Bucure\u0219ti: Frig \u0219i ploi slabe p\u00e2n\u0103 vineri, v\u00e2nt puternic \u00een weekend!"},"content":{"rendered":"<p><a href=\"https:\/\/www.meteoromania.ro\/\" target=\"_blank\" rel=\"noopener\">Administra\u021bia Na\u021bional\u0103 de Meteorologie (ANM)<\/a> a publicat o informare meteorologic\u0103 ce se aplic\u0103 Bucure\u0219tiului, valabil\u0103 \u00eentre 22 aprilie, ora 10:00, \u0219i 24 aprilie, ora 10:00. Se preconizeaz\u0103 o vreme rece, cu intensific\u0103ri ale v\u00e2ntului \u00een aceast\u0103 perioad\u0103.<\/p>\n<p><strong>Prognoza pentru miercuri, 22 aprilie: frig \u0219i ploi u\u0219oare<\/strong><\/p>\n<p>\u00cen data de 22 aprilie, vremea va fi rece, iar cerul va fi temporar noros. Exist\u0103 posibilitatea de ploi slabe pe parcursul zilei. V\u00e2ntul va sufla cu intensitate slab\u0103 p\u00e2n\u0103 la moderat\u0103.<\/p>\n<p>Temperaturile se vor \u00eencadra \u00eentre un maxim de 13-15 grade \u0219i un minim nocturn de 2-5 grade.<\/p>\n<p><strong>Prognoza pentru joi, 23 aprilie: vreme mai cald\u0103, dar v\u00e2nt puternic<\/strong><\/p>\n<p>\u00cen ziua de joi, vremea va reveni la valori termice normale pentru aceast\u0103 perioad\u0103. Cerul va fi variabil, f\u0103r\u0103 precipita\u021bii semnificative.<\/p>\n<p>Cu toate acestea, v\u00e2ntul va deveni mai puternic, ating\u00e2nd viteze de 45-50 km\/h. Noaptea, intensitatea v\u00e2ntului va sc\u0103dea, revenind la o intensitate slab\u0103 \u0219i moderat\u0103. Temperaturile se vor situa \u00eentre 18-19 grade ca maxima \u0219i 4-7 grade ca minima.<\/p>\n","protected":false},"excerpt":{"rendered":"<p>Administra\u021bia Na\u021bional\u0103 de Meteorologie (ANM) a publicat o informare meteorologic\u0103 ce se aplic\u0103 Bucure\u0219tiului, valabil\u0103 \u00eentre 22 aprilie, ora 10:00, \u0219i 24 aprilie, ora 10:00. Se preconizeaz\u0103 o vreme rece, cu intensific\u0103ri ale v\u00e2ntului \u00een aceast\u0103 perioad\u0103. Prognoza pentru miercuri, 22 aprilie: frig \u0219i ploi u\u0219oare \u00cen data de 22 aprilie, vremea va fi rece, [&hellip;]<\/p>\n","protected":false},"author":5,"featured_media":16460,"comment_status":"open","ping_status":"open","sticky":false,"template":"","format":"standard","meta":{"jnews-multi-image_gallery":[],"jnews_single_post":[],"jnews_primary_category":[],"jnews_override_counter":[],"footnotes":""},"categories":[45],"tags":[1375,362,133,12471,132,126,137,139],"class_list":["post-16459","post","type-post","status-publish","format-standard","has-post-thumbnail","hentry","category-meteo","tag-aprilie","tag-bucuresti","tag-meteorologie","tag-ploi","tag-prognoza","tag-temperaturi","tag-vant","tag-vreme-rece"],"_links":{"self":[{"href":"https:\/\/www.newsrecorder.ro\/app\/wp-json\/wp\/v2\/posts\/16459","targetHints":{"allow":["GET"]}}],"collection":[{"href":"https:\/\/www.newsrecorder.ro\/app\/wp-json\/wp\/v2\/posts"}],"about":[{"href":"https:\/\/www.newsrecorder.ro\/app\/wp-json\/wp\/v2\/types\/post"}],"author":[{"embeddable":true,"href":"https:\/\/www.newsrecorder.ro\/app\/wp-json\/wp\/v2\/users\/5"}],"replies":[{"embeddable":true,"href":"https:\/\/www.newsrecorder.ro\/app\/wp-json\/wp\/v2\/comments?post=16459"}],"version-history":[{"count":0,"href":"https:\/\/www.newsrecorder.ro\/app\/wp-json\/wp\/v2\/posts\/16459\/revisions"}],"wp:featuredmedia":[{"embeddable":true,"href":"https:\/\/www.newsrecorder.ro\/app\/wp-json\/wp\/v2\/media\/16460"}],"wp:attachment":[{"href":"https:\/\/www.newsrecorder.ro\/app\/wp-json\/wp\/v2\/media?parent=16459"}],"wp:term":[{"taxonomy":"category","embeddable":true,"href":"https:\/\/www.newsrecorder.ro\/app\/wp-json\/wp\/v2\/categories?post=16459"},{"taxonomy":"post_tag","embeddable":true,"href":"https:\/\/www.newsrecorder.ro\/app\/wp-json\/wp\/v2\/tags?post=16459"}],"curies":[{"name":"wp","href":"https:\/\/api.w.org\/{rel}","templated":true}]}}