{"id":16463,"date":"2026-04-28T19:12:25","date_gmt":"2026-04-28T19:12:25","guid":{"rendered":"https:\/\/www.newsrecorder.ro\/app\/2026\/04\/28\/avertizari-anm-vreme-rece-si-anomalii-termice-in-romania\/"},"modified":"2026-04-28T19:12:25","modified_gmt":"2026-04-28T19:12:25","slug":"avertizari-anm-vreme-rece-si-anomalii-termice-in-romania","status":"publish","type":"post","link":"https:\/\/www.newsrecorder.ro\/app\/2026\/04\/28\/avertizari-anm-vreme-rece-si-anomalii-termice-in-romania\/","title":{"rendered":"Avertiz\u0103ri ANM: Vreme rece \u0219i anomalii termice \u00een Rom\u00e2nia!"},"content":{"rendered":"<p>\u00cen perioada 20 &#8211; 27 aprilie, Rom\u00e2nia se va confrunta cu temperaturi mai sc\u0103zute dec\u00e2t cele obi\u015fnuite pentru aceast\u0103 vreme, conform informa\u021biilor furnizate de Administra\u021bia Na\u021bional\u0103 de Meteorologie (ANM). Aceste valori termice vor afecta \u00een special cele mai multe dintre regiunile \u021b\u0103rii.<\/p>\n<p>De asemenea, precipita\u021biile vor fi deficitare \u00een regiunile vestice, sud-vestice \u0219i sud-estice. Totu\u0219i, \u00een restul \u021b\u0103rii, cantit\u0103\u021bile de precipita\u021bii se vor \u00eencadra \u00een limitele normale pentru aceast\u0103 perioad\u0103 a anului.<\/p>\n<p>Privind prognoza pentru s\u0103pt\u0103m\u00e2na 27 aprilie &#8211; 4 mai, ANM avertizeaz\u0103 c\u0103 regimul termic va continua s\u0103 fie cu mult sub normele climatologice, afect\u00e2nd \u00eentreaga \u021bar\u0103. \u00cen ceea ce prive\u0219te precipita\u021biile, acestea vor fi insuficiente \u00een regiunile vestice \u0219i nord-vestice, iar \u00een sud-est se preconizeaz\u0103 un u\u0219or excedent. \u00cen restul teritoriu, valorile se vor men\u021bine \u00een limite normale.<\/p>\n<p>\u00cen s\u0103pt\u0103m\u00e2na 4 &#8211; 11 mai, se preconizeaz\u0103 o u\u0219oar\u0103 revenire a temperaturilor, care vor fi apropiate de cele normale pentru aceast\u0103 perioad\u0103, \u00een majoritatea regiunilor Rom\u00e2niei. Totu\u0219i, precipita\u021biile vor r\u0103m\u00e2ne deficitare, \u00een special \u00een regiunile vestice \u0219i sud-vestice, \u00een timp ce \u00een restul \u021b\u0103rii se estimeaz\u0103 cantit\u0103\u021bi ce se vor situa \u00een jurul normelor climatologice.<\/p>\n<p>\u00cen s\u0103pt\u0103m\u00e2na 11 &#8211; 18 mai, prognoza meteo sugereaz\u0103 o vreme apropiat\u0103 de normalitatea sezonului. Regimul termic va fi, \u00een general, normal \u00een majoritatea regiunilor, iar precipita\u021biile vor fi, de asemenea, conforme cu valorile normale pentru acest interval. ANM indic\u0103 o stabilizare treptat\u0103 a vremii, comparativ cu s\u0103pt\u0103m\u00e2nile anterioare.<\/p>\n","protected":false},"excerpt":{"rendered":"<p>\u00cen perioada 20 &#8211; 27 aprilie, Rom\u00e2nia se va confrunta cu temperaturi mai sc\u0103zute dec\u00e2t cele obi\u015fnuite pentru aceast\u0103 vreme, conform informa\u021biilor furnizate de Administra\u021bia Na\u021bional\u0103 de Meteorologie (ANM). Aceste valori termice vor afecta \u00een special cele mai multe dintre regiunile \u021b\u0103rii. De asemenea, precipita\u021biile vor fi deficitare \u00een regiunile vestice, sud-vestice \u0219i sud-estice. Totu\u0219i, [&hellip;]<\/p>\n","protected":false},"author":5,"featured_media":16464,"comment_status":"open","ping_status":"open","sticky":false,"template":"","format":"standard","meta":{"jnews-multi-image_gallery":[],"jnews_single_post":[],"jnews_primary_category":[],"jnews_override_counter":[],"footnotes":""},"categories":[45],"tags":[1816,5508,8439,141,13051,149,81,18268],"class_list":["post-16463","post","type-post","status-publish","format-standard","has-post-thumbnail","hentry","category-meteo","tag-administratia-nationala-de-meteorologie","tag-limite-normale","tag-precipitatii-deficitare","tag-prognoza-meteo","tag-regiunile-tarii","tag-romania","tag-temperaturi-scazute","tag-vreme-aprilie-mai"],"_links":{"self":[{"href":"https:\/\/www.newsrecorder.ro\/app\/wp-json\/wp\/v2\/posts\/16463","targetHints":{"allow":["GET"]}}],"collection":[{"href":"https:\/\/www.newsrecorder.ro\/app\/wp-json\/wp\/v2\/posts"}],"about":[{"href":"https:\/\/www.newsrecorder.ro\/app\/wp-json\/wp\/v2\/types\/post"}],"author":[{"embeddable":true,"href":"https:\/\/www.newsrecorder.ro\/app\/wp-json\/wp\/v2\/users\/5"}],"replies":[{"embeddable":true,"href":"https:\/\/www.newsrecorder.ro\/app\/wp-json\/wp\/v2\/comments?post=16463"}],"version-history":[{"count":0,"href":"https:\/\/www.newsrecorder.ro\/app\/wp-json\/wp\/v2\/posts\/16463\/revisions"}],"wp:featuredmedia":[{"embeddable":true,"href":"https:\/\/www.newsrecorder.ro\/app\/wp-json\/wp\/v2\/media\/16464"}],"wp:attachment":[{"href":"https:\/\/www.newsrecorder.ro\/app\/wp-json\/wp\/v2\/media?parent=16463"}],"wp:term":[{"taxonomy":"category","embeddable":true,"href":"https:\/\/www.newsrecorder.ro\/app\/wp-json\/wp\/v2\/categories?post=16463"},{"taxonomy":"post_tag","embeddable":true,"href":"https:\/\/www.newsrecorder.ro\/app\/wp-json\/wp\/v2\/tags?post=16463"}],"curies":[{"name":"wp","href":"https:\/\/api.w.org\/{rel}","templated":true}]}}