{"id":16465,"date":"2026-04-28T19:12:45","date_gmt":"2026-04-28T19:12:45","guid":{"rendered":"https:\/\/www.newsrecorder.ro\/app\/2026\/04\/28\/anm-vreme-rece-si-ploi-prognoza-temperaturilor-pe-regiuni\/"},"modified":"2026-04-28T19:12:45","modified_gmt":"2026-04-28T19:12:45","slug":"anm-vreme-rece-si-ploi-prognoza-temperaturilor-pe-regiuni","status":"publish","type":"post","link":"https:\/\/www.newsrecorder.ro\/app\/2026\/04\/28\/anm-vreme-rece-si-ploi-prognoza-temperaturilor-pe-regiuni\/","title":{"rendered":"ANM: Vreme rece \u0219i ploi &#8211; prognoza temperaturilor pe regiuni!"},"content":{"rendered":"<p>Vremea se r\u0103ce\u0219te semnificativ fa\u021b\u0103 de parametrii normali ai acestei perioade, iar aceast\u0103 r\u0103cire va afecta toate regiunile \u021b\u0103rii, av\u00e2nd un impact mai pronun\u021bat \u00een a doua parte a s\u0103pt\u0103m\u00e2nii.<\/p>\n<p><strong>Banat \u0219i Cri\u0219ana: frig p\u00e2n\u0103 spre finalul lunii<\/strong><\/p>\n<p>\u00cen Banat, temperaturile maxime vor varia \u00eentre 14 \u0219i 16 grade Celsius p\u00e2n\u0103 pe 23 aprilie, \u00een timp ce minimele vor sc\u0103dea p\u00e2n\u0103 la 2 grade. O u\u0219oar\u0103 \u00eenc\u0103lzire este anticipat\u0103 pentru zilele de 24 \u0219i 25 aprilie. \u00centre 26 \u0219i 28 aprilie, temperaturile vor sc\u0103dea din nou, cu maxime de 16 grade \u00een timpul zilei \u0219i minime ajung\u00e2nd la 4 grade pe timpul nop\u021bii. Spre \u00eenceputul lunii mai, se preconizeaz\u0103 o cre\u0219tere a temperaturilor, maximele ating\u00e2nd 20 de grade.<\/p>\n<p>\u00cen Cri\u0219ana, minimele ar putea s\u0103 ating\u0103 0 grade \u00een anumite zone, ceea ce ar putea genera condi\u021bii de brum\u0103. Precipita\u021bii sunt prognozate pentru zilele de 20, 21 \u0219i, posibil, 22 aprilie, urmate de alte ploi dup\u0103 27 aprilie.<\/p>\n<p><strong>Transilvania \u0219i Maramure\u0219: cel mai frig din \u021bar\u0103<\/strong><\/p>\n<p>Transilvania va experimenta o r\u0103cire accentuat\u0103 \u00eentre 21 \u0219i 23 aprilie, cu maxime ce nu vor dep\u0103\u0219i 10-11 grade. Minimele vor sc\u0103dea la 0-2 grade, iar \u00een depresiuni se vor \u00eenregistra valori negative. De asemenea, bruma este probabil\u0103 \u00een zonele mai joase, iar \u00eentre 20 \u0219i 22 aprilie se a\u0219teapt\u0103 precipita\u021bii semnificative.<\/p>\n<p>\u00cen Maramure\u0219, temperaturile maxime vor ajunge la 12-13 grade \u00eentre 21 \u0219i 23 aprilie, iar minimele vor varia \u00eentre 0 \u0219i 2 grade. Spre \u00eenceputul lui mai, se estimeaz\u0103 c\u0103 maximele se vor apropia de 20 de grade.<\/p>\n<p><strong>Moldova \u0219i Muntenia: r\u0103cire brusc\u0103 mar\u021bi \u0219i miercuri<\/strong><\/p>\n<p>\u00cen Moldova, maximele vor sc\u0103dea la 10-12 grade pe 21 \u0219i 22 aprilie, iar minimele ajung la 1-2 grade. Probabilitatea de precipita\u021bii va r\u0103m\u00e2ne ridicat\u0103 \u0219i dup\u0103 24 aprilie. \u00cen Muntenia, ziua de luni va aduce vreme cald\u0103, cu maxime de 20 de grade, dar mar\u021bi \u0219i miercuri, temperaturile vor sc\u0103dea la 12-14 grade, iar minimele vor ajunge la 0 grade \u00een zonele deluroase, unde se vor putea forma brume.<\/p>\n<p><strong>Oltenia \u0219i Dobrogea<\/strong><\/p>\n<p>\u00cen Oltenia, r\u0103cirea va \u00eencepe pe 22 aprilie, cu maxime ce vor sc\u0103dea la 11-13 grade \u0219i minime ce vor ajunge aproape de 0 grade \u00een zonele de deal. \u00cen schimb, Dobrogea va beneficia de temperaturi mai bl\u00e2nde, cu minime r\u0103m\u00e2n\u00e2nd la 4-6 grade \u00een aceast\u0103 perioad\u0103 rece.<\/p>\n<p><strong>La munte: iarn\u0103 \u00een aprilie<\/strong><\/p>\n<p>Zona montan\u0103 \u00eenalt\u0103 va tr\u0103i o adev\u0103rat\u0103 iarn\u0103 \u00een aprilie. \u00centre 21 \u0219i 23 aprilie, maximele nu vor dep\u0103\u0219i 2-4 grade, iar minimele vor fi predominant negative, variind \u00eentre -6 \u0219i -4 grade. Ninsori, lapovi\u021b\u0103 \u0219i ploi sunt a\u0219teptate la \u00eenceputul acestui interval, cu cantit\u0103\u021bi semnificative. O tendin\u021b\u0103 de \u00eenc\u0103lzire va ap\u0103rea abia la \u00eenceputul lui mai, c\u00e2nd maximele vor urca spre 10 grade.<\/p>\n","protected":false},"excerpt":{"rendered":"<p>Vremea se r\u0103ce\u0219te semnificativ fa\u021b\u0103 de parametrii normali ai acestei perioade, iar aceast\u0103 r\u0103cire va afecta toate regiunile \u021b\u0103rii, av\u00e2nd un impact mai pronun\u021bat \u00een a doua parte a s\u0103pt\u0103m\u00e2nii. Banat \u0219i Cri\u0219ana: frig p\u00e2n\u0103 spre finalul lunii \u00cen Banat, temperaturile maxime vor varia \u00eentre 14 \u0219i 16 grade Celsius p\u00e2n\u0103 pe 23 aprilie, \u00een [&hellip;]<\/p>\n","protected":false},"author":5,"featured_media":16466,"comment_status":"open","ping_status":"open","sticky":false,"template":"","format":"standard","meta":{"jnews-multi-image_gallery":[],"jnews_single_post":[],"jnews_primary_category":[],"jnews_override_counter":[],"footnotes":""},"categories":[45],"tags":[1375,197,13053,200,129,135,126,125],"class_list":["post-16465","post","type-post","status-publish","format-standard","has-post-thumbnail","hentry","category-meteo","tag-aprilie","tag-banat","tag-bruma","tag-crisana","tag-frig","tag-precipitatii","tag-temperaturi","tag-vreme"],"_links":{"self":[{"href":"https:\/\/www.newsrecorder.ro\/app\/wp-json\/wp\/v2\/posts\/16465","targetHints":{"allow":["GET"]}}],"collection":[{"href":"https:\/\/www.newsrecorder.ro\/app\/wp-json\/wp\/v2\/posts"}],"about":[{"href":"https:\/\/www.newsrecorder.ro\/app\/wp-json\/wp\/v2\/types\/post"}],"author":[{"embeddable":true,"href":"https:\/\/www.newsrecorder.ro\/app\/wp-json\/wp\/v2\/users\/5"}],"replies":[{"embeddable":true,"href":"https:\/\/www.newsrecorder.ro\/app\/wp-json\/wp\/v2\/comments?post=16465"}],"version-history":[{"count":0,"href":"https:\/\/www.newsrecorder.ro\/app\/wp-json\/wp\/v2\/posts\/16465\/revisions"}],"wp:featuredmedia":[{"embeddable":true,"href":"https:\/\/www.newsrecorder.ro\/app\/wp-json\/wp\/v2\/media\/16466"}],"wp:attachment":[{"href":"https:\/\/www.newsrecorder.ro\/app\/wp-json\/wp\/v2\/media?parent=16465"}],"wp:term":[{"taxonomy":"category","embeddable":true,"href":"https:\/\/www.newsrecorder.ro\/app\/wp-json\/wp\/v2\/categories?post=16465"},{"taxonomy":"post_tag","embeddable":true,"href":"https:\/\/www.newsrecorder.ro\/app\/wp-json\/wp\/v2\/tags?post=16465"}],"curies":[{"name":"wp","href":"https:\/\/api.w.org\/{rel}","templated":true}]}}