{"id":16485,"date":"2026-04-28T19:44:22","date_gmt":"2026-04-28T19:44:22","guid":{"rendered":"https:\/\/www.newsrecorder.ro\/app\/2026\/04\/28\/jocul-luminii-o-intalnire-emotionanta-intre-doua-generatii-pe-ecrane\/"},"modified":"2026-04-28T19:44:22","modified_gmt":"2026-04-28T19:44:22","slug":"jocul-luminii-o-intalnire-emotionanta-intre-doua-generatii-pe-ecrane","status":"publish","type":"post","link":"https:\/\/www.newsrecorder.ro\/app\/2026\/04\/28\/jocul-luminii-o-intalnire-emotionanta-intre-doua-generatii-pe-ecrane\/","title":{"rendered":"\u201eJocul luminii\u201d: O \u00eent\u00e2lnire emo\u021bionant\u0103 \u00eentre dou\u0103 genera\u021bii pe ecrane!"},"content":{"rendered":"<p>C\u00e2nd Dumnezeu a pronun\u021bat cuvintele \u201es\u0103 fie lumin\u0103\u201d, a creat o separare \u00eentre timp \u0219i netimp, marc\u00e2nd \u00eenceputul unei lumi \u00een care lumina devine un element esen\u021bial al Crea\u021biei, \u00eembin\u00e2nd vizibilitatea cu ascunzi\u0219urile \u00eentunecate. Aceast\u0103 lumin\u0103 scoate la iveal\u0103 ceea ce este, \u00een mod obi\u0219nuit, necunoscut \u0219i ascuns. Astfel, se dezvolt\u0103 un \u201ejoc al luminii\u201d, o interac\u021biune \u00eentre ceea ce este expus \u0219i ceea ce este \u021binut \u00een umbr\u0103.<\/p>\n<p>Regizorul Ovidiu Georgescu aduce \u00een fa\u021ba publicului rom\u00e2n un film captivant, \u201eJocul luminii\u201d, o poveste de introspec\u021bie care rezoneaz\u0103 cu diverse genera\u021bii. Filmul exploreaz\u0103 rela\u021bia complex\u0103 dintre Paul (Nicu Mihoc), un fost actor care a ajuns \u00een izolare \u00eentr-un azil, \u0219i fiul s\u0103u Johnny (Marius Turdeanu), un finan\u021bist stabilit \u00een New York, care se re\u00eent\u00e2lne\u0219te cu tat\u0103l s\u0103u dup\u0103 20 de ani. Aceast\u0103 poveste reflect\u0103 tensiunile, orgoliile \u0219i emo\u021biile nespuse care ne definesc vie\u021bile.<\/p>\n<p>\u201eJocul luminii\u201d, care va avea premiera pe 6 mai, este inspirat de piesa de teatru \u201eNu mai sunt vi\u0219ine. La cin\u0103\u201d a Teodorei Herghelegiu. Ovidiu Georgescu a transformat aceast\u0103 pies\u0103 \u00eentr-un film, p\u0103str\u00e2nd arhitectura narativ\u0103 \u0219i intensitatea emo\u021bional\u0103, dar adapt\u00e2nd-o la limbajul cinematografic. Regizorul explic\u0103: \u201eTeatrul s-a terminat \u00een momentul \u00een care am ales s\u0103 nu filmez o pies\u0103, ci s\u0103 construiesc un film.\u201d<\/p>\n<p>Cu o camer\u0103 care se apropie intim de personaje, filmul ofer\u0103 spectatorului o experien\u021b\u0103 profund\u0103, concentr\u00e2ndu-se pe expresiile faciale \u0219i t\u0103cerile interioare. Loca\u021bia azilului devine un personaj \u00een sine, iar esen\u021ba teatrului este transformat\u0103 \u00een cinematografie prin apropierea emo\u021bional\u0103 dintre personaje.<\/p>\n<p>Ovidiu Georgescu subliniaz\u0103 c\u0103 filmul abordeaz\u0103 tema comunic\u0103rii dificile dintre un tat\u0103 \u0219i fiul s\u0103u, o dinamic\u0103 universal\u0103 \u0219i profund personal\u0103. \u201eM-a interesat zona fragil\u0103 \u00een care iubirea exist\u0103, dar nu mai \u0219tie cum s\u0103 se exprime\u201d, spune regizorul. Rela\u021bia dintre tat\u0103 \u0219i fiu nu este definit\u0103 de conflicte spectaculoase, ci de lucruri nespuse \u0219i orgolii care ascund vulnerabilitatea.<\/p>\n<p>\u00centr-o lume \u00een care rela\u021biile devin tot mai fragmentate, filmul invit\u0103 spectatorii s\u0103 reflecteze asupra propriilor lor rela\u021bii. Ovidiu Georgescu adaug\u0103: \u201eFilmarea nu ofer\u0103 solu\u021bii, dar pune spectatorul \u00een fa\u021ba unei \u00eentreb\u0103ri incomode: c\u00e2t de mult am\u00e2n\u0103m lucrurile care conteaz\u0103 cu adev\u0103rat?\u201d<\/p>\n<p>Impactul emo\u021bional al filmului nu provine dintr-un moment singular, ci din acumularea tensiunii dintre personaje. Spectatorii se vor reg\u0103si \u00een momentele de comunicare defectuoas\u0103, \u00een felul \u00een care evit\u0103m esen\u021bialul. Filmul exploreaz\u0103, de asemenea, tema e\u0219ecului \u0219i a \u00eencerc\u0103rii de a repara rela\u021bii rupt\u0103, gener\u00e2nd o emo\u021bie profund\u0103 \u0219i familiar\u0103.<\/p>\n<p>Ovidiu Georgescu \u00ee\u0219i invit\u0103 publicul s\u0103 descopere \u201eJocul luminii\u201d \u00eencep\u00e2nd cu 6 mai 2026, promi\u021b\u00e2nd o experien\u021b\u0103 cinematografic\u0103 care va l\u0103sa spectatorii cu \u00eentreb\u0103ri profunde despre propriile rela\u021bii.<\/p>\n<p>\u00cen ceea ce prive\u0219te universalitatea pove\u0219tii, Georgescu subliniaz\u0103 c\u0103 fiecare spectator va putea s\u0103 se identifice cu emo\u021biile \u0219i situa\u021biile prezentate, fie din postura de p\u0103rinte, fie din cea de copil. Tema lucrurilor nespuse aduce o ad\u00e2ncire a conflictului dintre genera\u021bii, iar vinov\u0103\u021bia \u0219i regretul devin teme centrale care rezoneaz\u0103 cu to\u021bi.<\/p>\n<p>Vizual, filmul se distinge printr-un contrast cromatic puternic, predominant \u00een nuan\u021bele de albastru \u0219i maro, care reflect\u0103 tensiunea dintre personaje. Albastrul simbolizeaz\u0103 distan\u021ba \u0219i luciditatea, \u00een timp ce maroul evoc\u0103 interiorul, uzura \u0219i memoria.<\/p>\n<p>\u201eJocul luminii\u201d deschide o trilogie dedicat\u0103 Kammerspielfilm, un tip de cinematografie care \u00ee\u0219i propune s\u0103 exploreze rela\u021biile interumane \u00een spa\u021bii restr\u00e2nse. Ovidiu Georgescu se angajeaz\u0103 s\u0103 continue aceast\u0103 direc\u021bie, fiecare film av\u00e2nd propriile sale particularit\u0103\u021bi, dar r\u0103m\u00e2n\u00e2nd fidel ideii de a explora fragilitatea uman\u0103.<\/p>\n<p>\u00cen final, Ovidiu Georgescu ofer\u0103 un mesaj studen\u021bilor s\u0103i cu privire la men\u021binerea identit\u0103\u021bii artistice \u00eentr-o er\u0103 a consumului rapid de con\u021binut. El \u00eei \u00eencurajeaz\u0103 s\u0103 nu confunde vizibilitatea cu valoarea \u0219i s\u0103-\u0219i p\u0103streze rigoarea artistic\u0103, subliniind c\u0103 adev\u0103rata art\u0103 are nevoie de timp \u0219i reflec\u021bie.<\/p>\n","protected":false},"excerpt":{"rendered":"<p>C\u00e2nd Dumnezeu a pronun\u021bat cuvintele \u201es\u0103 fie lumin\u0103\u201d, a creat o separare \u00eentre timp \u0219i netimp, marc\u00e2nd \u00eenceputul unei lumi \u00een care lumina devine un element esen\u021bial al Crea\u021biei, \u00eembin\u00e2nd vizibilitatea cu ascunzi\u0219urile \u00eentunecate. Aceast\u0103 lumin\u0103 scoate la iveal\u0103 ceea ce este, \u00een mod obi\u0219nuit, necunoscut \u0219i ascuns. Astfel, se dezvolt\u0103 un \u201ejoc al luminii\u201d, [&hellip;]<\/p>\n","protected":false},"author":7,"featured_media":16486,"comment_status":"open","ping_status":"open","sticky":false,"template":"","format":"standard","meta":{"jnews-multi-image_gallery":[],"jnews_single_post":[],"jnews_primary_category":[],"jnews_override_counter":[],"footnotes":""},"categories":[43],"tags":[12575,7875,1006,18757,18754,18755,18756,6896],"class_list":["post-16485","post","type-post","status-publish","format-standard","has-post-thumbnail","hentry","category-cultura","tag-creatie","tag-film-romanesc","tag-introspectie","tag-johnny","tag-lumina","tag-ovidiu-georgescu","tag-paul","tag-relatii-familiale"],"_links":{"self":[{"href":"https:\/\/www.newsrecorder.ro\/app\/wp-json\/wp\/v2\/posts\/16485","targetHints":{"allow":["GET"]}}],"collection":[{"href":"https:\/\/www.newsrecorder.ro\/app\/wp-json\/wp\/v2\/posts"}],"about":[{"href":"https:\/\/www.newsrecorder.ro\/app\/wp-json\/wp\/v2\/types\/post"}],"author":[{"embeddable":true,"href":"https:\/\/www.newsrecorder.ro\/app\/wp-json\/wp\/v2\/users\/7"}],"replies":[{"embeddable":true,"href":"https:\/\/www.newsrecorder.ro\/app\/wp-json\/wp\/v2\/comments?post=16485"}],"version-history":[{"count":0,"href":"https:\/\/www.newsrecorder.ro\/app\/wp-json\/wp\/v2\/posts\/16485\/revisions"}],"wp:featuredmedia":[{"embeddable":true,"href":"https:\/\/www.newsrecorder.ro\/app\/wp-json\/wp\/v2\/media\/16486"}],"wp:attachment":[{"href":"https:\/\/www.newsrecorder.ro\/app\/wp-json\/wp\/v2\/media?parent=16485"}],"wp:term":[{"taxonomy":"category","embeddable":true,"href":"https:\/\/www.newsrecorder.ro\/app\/wp-json\/wp\/v2\/categories?post=16485"},{"taxonomy":"post_tag","embeddable":true,"href":"https:\/\/www.newsrecorder.ro\/app\/wp-json\/wp\/v2\/tags?post=16485"}],"curies":[{"name":"wp","href":"https:\/\/api.w.org\/{rel}","templated":true}]}}