{"id":16487,"date":"2026-04-28T19:44:46","date_gmt":"2026-04-28T19:44:46","guid":{"rendered":"https:\/\/www.newsrecorder.ro\/app\/2026\/04\/28\/austria-procesul-organizatorului-atentatului-la-concertul-taylor-swift-incepe\/"},"modified":"2026-04-28T19:44:46","modified_gmt":"2026-04-28T19:44:46","slug":"austria-procesul-organizatorului-atentatului-la-concertul-taylor-swift-incepe","status":"publish","type":"post","link":"https:\/\/www.newsrecorder.ro\/app\/2026\/04\/28\/austria-procesul-organizatorului-atentatului-la-concertul-taylor-swift-incepe\/","title":{"rendered":"Austria: Procesul organizatorului atentatului la concertul Taylor Swift \u00eencepe!"},"content":{"rendered":"<p>Mar\u021bi, la Wiener Neustadt, \u00een apropiere de Viena, \u00eencepe procesul unui t\u00e2n\u0103r austriac acuzat de complotarea unui atac terorist asupra unui concert al celebrei artiste pop <a href=\"https:\/\/www.mediafax.ro\/externe\/ai-vs-artisti-taylor-swift-isi-protejeaza-vocea-in-fata-deepfake-urilor-23727570\">Taylor Swift<\/a>. Acest caz ridic\u0103 din nou semne de \u00eentrebare asupra vulnerabilit\u0103\u021bii evenimentelor culturale mari \u00een fa\u021ba extremismului violent.<\/p>\n<p>Inculpatul, Beran A., are doar 21 de ani \u0219i se confrunt\u0103 cu acuza\u021bii extrem de grave, inclusiv terorism \u0219i apartenen\u021b\u0103 la organiza\u021bia extremist\u0103 Stat Islamic, av\u00e2nd de \u00eenfruntat o pedeaps\u0103 de p\u00e2n\u0103 la 20 de ani de \u00eenchisoare.<\/p>\n<p>Planul s\u0103u criminal a fost dejucat \u00een ultimul moment, conform procurorilor. Se sus\u021bine c\u0103 Beran A. a inten\u021bionat s\u0103 atace mul\u021bimea care se va aduna \u00een fa\u021ba stadionului Ernst Happel, unde erau programate concertele artistei \u00een luna august 2024. Aproape 30.000 de fani erau a\u0219tepta\u021bi zilnic \u00een exteriorul arenei, iar alte 65.000 de persoane aveau bilete pentru a asista la concert.<\/p>\n<p>Detaliile planului s\u0103u erau \u00eenfrico\u0219\u0103toare, implic\u00e2nd utilizarea de cu\u021bite \u0219i explozibili artizanali cu scopul de a provoca un num\u0103r c\u00e2t mai mare de victime.<\/p>\n<p>Interven\u021bia autorit\u0103\u021bilor a fost prompt\u0103, ac\u021bion\u00e2nd pe baza unor informa\u021bii primite, inclusiv din partea serviciilor de informa\u021bii americane. Drept urmare, cele trei concerte programate au fost anulate, iar aceast\u0103 decizie a generat emo\u021bii intense \u00een r\u00e2ndul fanilor. Comunitatea \u201eSwifties\u201d a r\u0103spuns cu solidaritate, transform\u00e2nd ora\u0219ul \u00eentr-un simbol al unit\u0103\u021bii, prin schimburi de br\u0103\u021b\u0103ri ale prieteniei \u0219i momente muzicale colective.<\/p>\n<p>Beran A. nu este singurul inculpat \u00een acest caz. El va fi judecat al\u0103turi de Arda K., un alt suspect implicat \u00eentr-un complot \u0219i mai amplu care viza atacuri simultane \u00een Arabia Saudit\u0103, Turcia \u0219i Emiratele Arabe Unite, \u00een timpul Ramadanului din 2024. De asemenea, un al treilea suspect, Hasan E., ar fi atacat un agent de securitate la Marea Moschee din Mecca \u00een martie 2024, fiind \u00een prezent \u00een arest preventiv \u00een Arabia Saudit\u0103.<\/p>\n<p>Procurorii au afirmat c\u0103 inculpa\u021bii discutau despre achizi\u021bia de arme \u0219i fabricarea de bombe, iar Beran A. a \u00eencercat efectiv s\u0103 procure armament ilegal \u00eenainte de concert. O perchezi\u021bie efectuat\u0103 pe 7 august 2024 a dus la descoperirea de materiale pentru dispozitive explozive \u00een locuin\u021ba sa.<\/p>\n<p>Acest caz re\u00eenvie amintirea atentatului din 2017 de la concertul Arianei Grande din Manchester, un atac sinuciga\u0219 care a provocat moartea a 22 de persoane \u0219i care a \u0219ocat \u00eentreaga Europ\u0103, ridic\u00e2nd \u00eentreb\u0103ri legate de securitatea evenimentelor publice.<\/p>\n<p>\u00cen urma anul\u0103rii concertelor din Viena, Taylor Swift a declarat c\u0103 situa\u021bia este \u201edevastatoare\u201d \u0219i a m\u0103rturisit c\u0103 a fost cuprins\u0103 de un nou sentiment de fric\u0103 \u0219i vinov\u0103\u021bie.<\/p>\n<p>Avocata lui Beran A. a anun\u021bat c\u0103 acesta inten\u021bioneaz\u0103 s\u0103 pledeze vinovat pentru majoritatea acuza\u021biilor, f\u0103r\u0103 a specifica \u00eens\u0103 care dintre ele. Procesul este programat s\u0103 continue pe 12 mai, av\u00e2nd poten\u021bialul de a aduce l\u0103muriri importante asupra dimensiunii re\u021belei \u0219i a nivelului de radicalizare al inculpa\u021bilor.<\/p>\n<p>Cazul subliniaz\u0103 din nou tensiunea existent\u0103 \u00eentre libertatea cultural\u0103 \u0219i necesitatea de securitate \u00eentr-o Europ\u0103 \u00een care amenin\u021barea terorist\u0103 continu\u0103 s\u0103 b\u00e2ntuie.<\/p>\n","protected":false},"excerpt":{"rendered":"<p>Mar\u021bi, la Wiener Neustadt, \u00een apropiere de Viena, \u00eencepe procesul unui t\u00e2n\u0103r austriac acuzat de complotarea unui atac terorist asupra unui concert al celebrei artiste pop Taylor Swift. Acest caz ridic\u0103 din nou semne de \u00eentrebare asupra vulnerabilit\u0103\u021bii evenimentelor culturale mari \u00een fa\u021ba extremismului violent. Inculpatul, Beran A., are doar 21 de ani \u0219i se [&hellip;]<\/p>\n","protected":false},"author":7,"featured_media":16488,"comment_status":"open","ping_status":"open","sticky":false,"template":"","format":"standard","meta":{"jnews-multi-image_gallery":[],"jnews_single_post":[],"jnews_primary_category":[],"jnews_override_counter":[],"footnotes":""},"categories":[43],"tags":[2188,586,1741,18760,2495,18761,18758,18759],"class_list":["post-16487","post","type-post","status-publish","format-standard","has-post-thumbnail","hentry","category-cultura","tag-atac-terorist","tag-concert","tag-evenimente-culturale","tag-extremism-violent","tag-proces","tag-stat-islamic","tag-tanar-austriac","tag-taylor-swift"],"_links":{"self":[{"href":"https:\/\/www.newsrecorder.ro\/app\/wp-json\/wp\/v2\/posts\/16487","targetHints":{"allow":["GET"]}}],"collection":[{"href":"https:\/\/www.newsrecorder.ro\/app\/wp-json\/wp\/v2\/posts"}],"about":[{"href":"https:\/\/www.newsrecorder.ro\/app\/wp-json\/wp\/v2\/types\/post"}],"author":[{"embeddable":true,"href":"https:\/\/www.newsrecorder.ro\/app\/wp-json\/wp\/v2\/users\/7"}],"replies":[{"embeddable":true,"href":"https:\/\/www.newsrecorder.ro\/app\/wp-json\/wp\/v2\/comments?post=16487"}],"version-history":[{"count":0,"href":"https:\/\/www.newsrecorder.ro\/app\/wp-json\/wp\/v2\/posts\/16487\/revisions"}],"wp:featuredmedia":[{"embeddable":true,"href":"https:\/\/www.newsrecorder.ro\/app\/wp-json\/wp\/v2\/media\/16488"}],"wp:attachment":[{"href":"https:\/\/www.newsrecorder.ro\/app\/wp-json\/wp\/v2\/media?parent=16487"}],"wp:term":[{"taxonomy":"category","embeddable":true,"href":"https:\/\/www.newsrecorder.ro\/app\/wp-json\/wp\/v2\/categories?post=16487"},{"taxonomy":"post_tag","embeddable":true,"href":"https:\/\/www.newsrecorder.ro\/app\/wp-json\/wp\/v2\/tags?post=16487"}],"curies":[{"name":"wp","href":"https:\/\/api.w.org\/{rel}","templated":true}]}}