{"id":16491,"date":"2026-04-28T19:45:27","date_gmt":"2026-04-28T19:45:27","guid":{"rendered":"https:\/\/www.newsrecorder.ro\/app\/2026\/04\/28\/papa-leon-si-sarah-mullally-intalnire-istorica-la-vatican\/"},"modified":"2026-04-28T19:45:27","modified_gmt":"2026-04-28T19:45:27","slug":"papa-leon-si-sarah-mullally-intalnire-istorica-la-vatican","status":"publish","type":"post","link":"https:\/\/www.newsrecorder.ro\/app\/2026\/04\/28\/papa-leon-si-sarah-mullally-intalnire-istorica-la-vatican\/","title":{"rendered":"Papa Leon \u0219i Sarah Mullally: \u00cent\u00e2lnire istoric\u0103 la Vatican!"},"content":{"rendered":"<p>Recent, \u00een Palatul Apostolic, a avut loc o \u00eent\u00e2lnire istoric\u0103 \u00eentre doi lideri religio\u0219i de marc\u0103. Papa Leon, liderul Bisericii Catolice, \u0219i Sarah Mullally, prima femeie care de\u021bine func\u021bia de lider spiritual al celor aproximativ 85 de milioane de anglicani la nivel global, s-au \u00eent\u00e2lnit pentru a discuta \u00een privat. Aceast\u0103 \u00eent\u00e2lnire a fost urmat\u0103 de un moment de rug\u0103ciune comun\u0103 \u00eentr-o capel\u0103 istoric\u0103 din secolul al XVII-lea, conform informa\u021biilor publicate de <a href=\"https:\/\/www.reuters.com\/world\/pope-first-female-archbishop-canterbury-meet-pray-together-2026-04-27\/\" target=\"_blank\" rel=\"noopener\">Reuters<\/a>.<\/p>\n<p>\u00cen cadrul ceremoniei oficiale, Papa Leon a primit-o pe Sarah Mullally cu onoruri, schimb\u00e2ndu-se daruri \u0219i particip\u00e2nd la rug\u0103ciuni comune. \u00cen discursul s\u0103u, arhiepiscopul de Canterbury a exprimat recuno\u0219tin\u021b\u0103 fa\u021b\u0103 de Papa pentru mesajele sale puternice, \u00een special cele adresate \u00een timpul recentului s\u0103u turneu \u00een Africa. \u00cen acele declara\u021bii, Papa a criticat r\u0103zboiul, autoritarismul \u0219i lipsa solidarit\u0103\u021bii interna\u021bionale, pozi\u021bii care au generat reac\u021bii intense pe scena politic\u0103 global\u0103.<\/p>\n<p>Sarah Mullally a subliniat importan\u021ba mesajelor pontifului \u00eentr-o lume plin\u0103 de tensiuni \u0219i conflicte. Ea a subliniat c\u0103 liderii spirituali au un rol esen\u021bial \u00een promovarea binelui comun, solidarit\u0103\u021bii \u0219i speran\u021bei \u00een comunit\u0103\u021bile lor.<\/p>\n<p>Papa Leon, la r\u00e2ndul s\u0103u, a recunoscut progresele \u00een rela\u021biile dintre Biserica Catolic\u0103 \u0219i Biserica Anglican\u0103, eviden\u021biind evolu\u021bia pozitiv\u0103 din ultimele decenii. Totu\u0219i, el a men\u021bionat c\u0103 exist\u0103 \u00eenc\u0103 dificult\u0103\u021bi \u0219i diferen\u021be care persist\u0103, f\u0103r\u0103 a intra \u00een detalii. Pontiful a concluzionat c\u0103 aceste ne\u00een\u021belegeri nu ar trebui s\u0103 \u00eempiedice colaborarea dintre cele dou\u0103 confesiuni cre\u0219tine.<\/p>\n<p>\u00cent\u00e2lnirea dintre Papa Leon \u0219i Sarah Mullally are o semnifica\u021bie istoric\u0103 profund\u0103, av\u00e2nd \u00een vedere c\u0103 Biserica Anglican\u0103 s-a separat de Biserica Catolic\u0103 \u00een 1534, pe vremea regelui Henry al VIII-lea, dup\u0103 refuzul Papei Clement al VII-lea de a anula c\u0103s\u0103toria acestuia cu Catherine de Aragon.<\/p>\n<p>De-a lungul secolelor, rela\u021biile dintre cele dou\u0103 biserici au fost adesea tensionate, dar \u00een ultimele decenii s-au depus eforturi constante pentru a promova dialogul ecumenic \u0219i apropierea. Ast\u0103zi, Biserica Anglican\u0103 \u0219i Biserica Catolic\u0103 \u00eemp\u0103rt\u0103\u0219esc valori \u0219i doctrine comune \u00een numeroase aspecte, chiar dac\u0103 exist\u0103 \u00eenc\u0103 diferen\u021be semnificative, cum ar fi rolul femeilor \u00een cler \u0219i c\u0103s\u0103toria preo\u021bilor.<\/p>\n<p>Vizita lui Sarah Mullally la Vatican este privit\u0103 ca un pas important \u00een consolidarea rela\u021biilor dintre cele dou\u0103 biserici. \u00cenainte de \u00eent\u00e2lnire, arhiepiscopul a declarat c\u0103 se simte onorat\u0103 \u0219i privilegiat\u0103 s\u0103 se \u00eent\u00e2lneasc\u0103 cu Papa Leon \u0219i c\u0103 este hot\u0103r\u00e2t\u0103 s\u0103 continue dialogul \u00eenceput de predecesorii lor, subliniind angajamentul fa\u021b\u0103 de unitate \u0219i colaborare \u00een fa\u021ba provoc\u0103rilor contemporane.<\/p>\n","protected":false},"excerpt":{"rendered":"<p>Recent, \u00een Palatul Apostolic, a avut loc o \u00eent\u00e2lnire istoric\u0103 \u00eentre doi lideri religio\u0219i de marc\u0103. Papa Leon, liderul Bisericii Catolice, \u0219i Sarah Mullally, prima femeie care de\u021bine func\u021bia de lider spiritual al celor aproximativ 85 de milioane de anglicani la nivel global, s-au \u00eent\u00e2lnit pentru a discuta \u00een privat. Aceast\u0103 \u00eent\u00e2lnire a fost urmat\u0103 [&hellip;]<\/p>\n","protected":false},"author":7,"featured_media":16492,"comment_status":"open","ping_status":"open","sticky":false,"template":"","format":"standard","meta":{"jnews-multi-image_gallery":[],"jnews_single_post":[],"jnews_primary_category":[],"jnews_override_counter":[],"footnotes":""},"categories":[43],"tags":[18547,5177,11187,18764,2207,18765,18545,18395],"class_list":["post-16491","post","type-post","status-publish","format-standard","has-post-thumbnail","hentry","category-cultura","tag-anglicani","tag-autoritarism","tag-biserica-catolica","tag-intalnire-istorica","tag-papa-leon","tag-rugaciune-comuna","tag-sarah-mullally","tag-solidaritate-internationala"],"_links":{"self":[{"href":"https:\/\/www.newsrecorder.ro\/app\/wp-json\/wp\/v2\/posts\/16491","targetHints":{"allow":["GET"]}}],"collection":[{"href":"https:\/\/www.newsrecorder.ro\/app\/wp-json\/wp\/v2\/posts"}],"about":[{"href":"https:\/\/www.newsrecorder.ro\/app\/wp-json\/wp\/v2\/types\/post"}],"author":[{"embeddable":true,"href":"https:\/\/www.newsrecorder.ro\/app\/wp-json\/wp\/v2\/users\/7"}],"replies":[{"embeddable":true,"href":"https:\/\/www.newsrecorder.ro\/app\/wp-json\/wp\/v2\/comments?post=16491"}],"version-history":[{"count":0,"href":"https:\/\/www.newsrecorder.ro\/app\/wp-json\/wp\/v2\/posts\/16491\/revisions"}],"wp:featuredmedia":[{"embeddable":true,"href":"https:\/\/www.newsrecorder.ro\/app\/wp-json\/wp\/v2\/media\/16492"}],"wp:attachment":[{"href":"https:\/\/www.newsrecorder.ro\/app\/wp-json\/wp\/v2\/media?parent=16491"}],"wp:term":[{"taxonomy":"category","embeddable":true,"href":"https:\/\/www.newsrecorder.ro\/app\/wp-json\/wp\/v2\/categories?post=16491"},{"taxonomy":"post_tag","embeddable":true,"href":"https:\/\/www.newsrecorder.ro\/app\/wp-json\/wp\/v2\/tags?post=16491"}],"curies":[{"name":"wp","href":"https:\/\/api.w.org\/{rel}","templated":true}]}}