{"id":16499,"date":"2026-04-28T20:07:47","date_gmt":"2026-04-28T20:07:47","guid":{"rendered":"https:\/\/www.newsrecorder.ro\/app\/2026\/04\/28\/nicusor-dan-si-cancelarul-austriei-intalnire-la-summitul-trei-mari\/"},"modified":"2026-04-28T20:07:47","modified_gmt":"2026-04-28T20:07:47","slug":"nicusor-dan-si-cancelarul-austriei-intalnire-la-summitul-trei-mari","status":"publish","type":"post","link":"https:\/\/www.newsrecorder.ro\/app\/2026\/04\/28\/nicusor-dan-si-cancelarul-austriei-intalnire-la-summitul-trei-mari\/","title":{"rendered":"Nicu\u0219or Dan \u0219i cancelarul Austriei &#8211; \u00cent\u00e2lnire la Summitul Trei M\u0103ri!"},"content":{"rendered":"<p>\u00cen cadrul Summitului Ini\u021biativei celor Trei M\u0103ri desf\u0103\u0219urat la Dubrovnik, pre\u0219edintele Rom\u00e2niei a avut o \u00eent\u00e2lnire fructuoas\u0103 cu Christian Stocker, cancelarul federal al Austriei. Aceast\u0103 discu\u021bie a eviden\u021biat importan\u021ba parteneriatului economic \u0219i european dintre cele dou\u0103 \u021b\u0103ri.<\/p>\n<p>\u0218eful statului rom\u00e2n a subliniat c\u0103 rela\u021biile economice dintre Rom\u00e2nia \u0219i Austria sunt \u00een continuare foarte robuste. \u201eAustria se afl\u0103 pe locul doi \u00een topul investitorilor str\u0103ini \u00een economia Rom\u00e2niei, iar colaborarea noastr\u0103 continu\u0103 s\u0103 creasc\u0103\u201d, a declarat Nicu\u0219or Dan, pun\u00e2nd accent pe evolu\u021bia pozitiv\u0103 a acestor rela\u021bii.<\/p>\n<p>\u00cen timpul \u00eent\u00e2lnirii, cei doi lideri au discutat despre cooperarea bilateral\u0103 \u0219i au abordat subiecte de maxim\u0103 importan\u021b\u0103, cum ar fi securitatea energetic\u0103. \u201eAm discutat despre teme esen\u021biale, cum ar fi colaborarea bilateral\u0103, pentru a \u00eent\u0103ri leg\u0103turile dintre \u021b\u0103rile noastre, dar \u0219i despre provoc\u0103rile energetice cu care ne confrunt\u0103m. Este crucial s\u0103 g\u0103sim solu\u021bii comune pentru a face fa\u021b\u0103 crizelor globale\u201d, a ad\u0103ugat pre\u0219edintele Rom\u00e2niei.<\/p>\n<p>\u00cen \u00eencheiere, Nicu\u0219or Dan a afirmat: \u201eSuntem preg\u0103ti\u021bi s\u0103 continu\u0103m acest parteneriat puternic, \u00een beneficiul cet\u0103\u021benilor no\u0219tri!\u201d Aceast\u0103 declara\u021bie reflect\u0103 angajamentul Rom\u00e2niei de a dezvolta \u0219i mai mult rela\u021biile cu Austria \u00een viitor.<\/p>\n","protected":false},"excerpt":{"rendered":"<p>\u00cen cadrul Summitului Ini\u021biativei celor Trei M\u0103ri desf\u0103\u0219urat la Dubrovnik, pre\u0219edintele Rom\u00e2niei a avut o \u00eent\u00e2lnire fructuoas\u0103 cu Christian Stocker, cancelarul federal al Austriei. Aceast\u0103 discu\u021bie a eviden\u021biat importan\u021ba parteneriatului economic \u0219i european dintre cele dou\u0103 \u021b\u0103ri. \u0218eful statului rom\u00e2n a subliniat c\u0103 rela\u021biile economice dintre Rom\u00e2nia \u0219i Austria sunt \u00een continuare foarte robuste. \u201eAustria [&hellip;]<\/p>\n","protected":false},"author":2,"featured_media":16500,"comment_status":"open","ping_status":"open","sticky":false,"template":"","format":"standard","meta":{"jnews-multi-image_gallery":[],"jnews_single_post":[],"jnews_primary_category":[],"jnews_override_counter":[],"footnotes":""},"categories":[42],"tags":[5151,4812,18772,286,18771,3783,149,1675,18671],"class_list":["post-16499","post","type-post","status-publish","format-standard","has-post-thumbnail","hentry","category-politica","tag-austria","tag-cooperare-bilaterala","tag-investitori-straini","tag-nicusor-dan","tag-parteneriat-economic","tag-relatii-economice","tag-romania","tag-securitate-energetica","tag-summitul-initiativei-celor-trei-mari"],"_links":{"self":[{"href":"https:\/\/www.newsrecorder.ro\/app\/wp-json\/wp\/v2\/posts\/16499","targetHints":{"allow":["GET"]}}],"collection":[{"href":"https:\/\/www.newsrecorder.ro\/app\/wp-json\/wp\/v2\/posts"}],"about":[{"href":"https:\/\/www.newsrecorder.ro\/app\/wp-json\/wp\/v2\/types\/post"}],"author":[{"embeddable":true,"href":"https:\/\/www.newsrecorder.ro\/app\/wp-json\/wp\/v2\/users\/2"}],"replies":[{"embeddable":true,"href":"https:\/\/www.newsrecorder.ro\/app\/wp-json\/wp\/v2\/comments?post=16499"}],"version-history":[{"count":0,"href":"https:\/\/www.newsrecorder.ro\/app\/wp-json\/wp\/v2\/posts\/16499\/revisions"}],"wp:featuredmedia":[{"embeddable":true,"href":"https:\/\/www.newsrecorder.ro\/app\/wp-json\/wp\/v2\/media\/16500"}],"wp:attachment":[{"href":"https:\/\/www.newsrecorder.ro\/app\/wp-json\/wp\/v2\/media?parent=16499"}],"wp:term":[{"taxonomy":"category","embeddable":true,"href":"https:\/\/www.newsrecorder.ro\/app\/wp-json\/wp\/v2\/categories?post=16499"},{"taxonomy":"post_tag","embeddable":true,"href":"https:\/\/www.newsrecorder.ro\/app\/wp-json\/wp\/v2\/tags?post=16499"}],"curies":[{"name":"wp","href":"https:\/\/api.w.org\/{rel}","templated":true}]}}