{"id":16501,"date":"2026-04-28T20:08:03","date_gmt":"2026-04-28T20:08:03","guid":{"rendered":"https:\/\/www.newsrecorder.ro\/app\/2026\/04\/28\/grindeanu-schimbarea-premierului-nu-a-presedintelui-este-prioritara\/"},"modified":"2026-04-28T20:08:03","modified_gmt":"2026-04-28T20:08:03","slug":"grindeanu-schimbarea-premierului-nu-a-presedintelui-este-prioritara","status":"publish","type":"post","link":"https:\/\/www.newsrecorder.ro\/app\/2026\/04\/28\/grindeanu-schimbarea-premierului-nu-a-presedintelui-este-prioritara\/","title":{"rendered":"Grindeanu: Schimbarea premierului, nu a pre\u0219edintelui, este prioritar\u0103!"},"content":{"rendered":"<p>Sorin Grindeanu, liderul PSD, a ie\u0219it public pentru a clarifica unele afirma\u021bii f\u0103cute de premier \u00een cadrul unei emisiuni televizate. El a subliniat c\u0103 scopul mo\u021biunii de cenzur\u0103 nu este suspendarea pre\u0219edintelui Nicu\u0219or Dan, ci schimbarea prim-ministrului. \u201ePe mine m\u0103 intereseaz\u0103 s\u0103 \u00eenl\u0103tur minciunile spuse de premier asear\u0103. Noi am f\u0103cut aceast\u0103 mo\u021biune s\u0103-l schimb\u0103m pe el, nu pe pre\u0219edinte. E o minciun\u0103, e un neadev\u0103r\u201d, a declarat Grindeanu la Rom\u00e2nia TV.<\/p>\n<p>\u00cen continuare, Grindeanu a respins acuza\u021biile premierului, care sus\u021binea c\u0103 liderul PSD ar fi min\u021bit \u00een leg\u0103tur\u0103 cu discu\u021biile avute la Bruxelles. \u201eAm mai v\u0103zut o chestiune legat\u0103 de faptul c\u0103 am min\u021bit c\u00e2nd am fost la Bruxelles \u0219i c\u0103 europenii m\u0103 privesc \u0219i privesc Partidul Social-Democrat ciudat. Eu v\u0103 rog s\u0103 verifica\u021bi ce au declarat colegii de la EFB \u0219i de la PES, ce au declarat lidera de grup. S\u0103-\u0219i vad\u0103 c\u00e2t mai poate la guvern c\u00e2teva zile de treaba dumnealui \u0219i s\u0103 nu mai arunce minciuni \u00een spa\u021biul public\u201d, a ad\u0103ugat acesta.<\/p>\n<p>Grindeanu a reiterat c\u0103 acordul parlamentar cu AUR \u00een jurul mo\u021biunii de cenzur\u0103 este exclusiv dedicat schimb\u0103rii Guvernului \u0219i a prim-ministrului, f\u0103r\u0103 inten\u021bii de negocieri ulterioare. \u201eAceasta este o \u00een\u021belegere parlamentar\u0103, care are ca scop \u00eenl\u0103turarea acestui guvern \u0219i \u00een principal a primului ministru. Nu exist\u0103 niciun fel de \u00een\u021belegeri post-mo\u021biune\u201d, a subliniat liderul PSD.<\/p>\n<p>\u00cen \u00eencheiere, Sorin Grindeanu a afirmat c\u0103 scenariile care au circulat \u00een ultimele zile sunt complet false. \u201eToate celelalte lucruri spuse \u00een spa\u021biul public \u00een aceste zile, unele dintre ele amintite de mine mai \u00eenainte, sunt minciuni\u201d, a concluzionat el, reafirm\u00e2nd pozi\u021bia partidului s\u0103u.<\/p>\n","protected":false},"excerpt":{"rendered":"<p>Sorin Grindeanu, liderul PSD, a ie\u0219it public pentru a clarifica unele afirma\u021bii f\u0103cute de premier \u00een cadrul unei emisiuni televizate. El a subliniat c\u0103 scopul mo\u021biunii de cenzur\u0103 nu este suspendarea pre\u0219edintelui Nicu\u0219or Dan, ci schimbarea prim-ministrului. \u201ePe mine m\u0103 intereseaz\u0103 s\u0103 \u00eenl\u0103tur minciunile spuse de premier asear\u0103. Noi am f\u0103cut aceast\u0103 mo\u021biune s\u0103-l schimb\u0103m [&hellip;]<\/p>\n","protected":false},"author":2,"featured_media":16502,"comment_status":"open","ping_status":"open","sticky":false,"template":"","format":"standard","meta":{"jnews-multi-image_gallery":[],"jnews_single_post":[],"jnews_primary_category":[],"jnews_override_counter":[],"footnotes":""},"categories":[42],"tags":[643,2587,12212,286,8616,1046,300,637],"class_list":["post-16501","post","type-post","status-publish","format-standard","has-post-thumbnail","hentry","category-politica","tag-acuzatii","tag-bruxelles","tag-motiune-de-cenzura","tag-nicusor-dan","tag-partid-social-democrat","tag-premier","tag-psd","tag-sorin-grindeanu"],"_links":{"self":[{"href":"https:\/\/www.newsrecorder.ro\/app\/wp-json\/wp\/v2\/posts\/16501","targetHints":{"allow":["GET"]}}],"collection":[{"href":"https:\/\/www.newsrecorder.ro\/app\/wp-json\/wp\/v2\/posts"}],"about":[{"href":"https:\/\/www.newsrecorder.ro\/app\/wp-json\/wp\/v2\/types\/post"}],"author":[{"embeddable":true,"href":"https:\/\/www.newsrecorder.ro\/app\/wp-json\/wp\/v2\/users\/2"}],"replies":[{"embeddable":true,"href":"https:\/\/www.newsrecorder.ro\/app\/wp-json\/wp\/v2\/comments?post=16501"}],"version-history":[{"count":0,"href":"https:\/\/www.newsrecorder.ro\/app\/wp-json\/wp\/v2\/posts\/16501\/revisions"}],"wp:featuredmedia":[{"embeddable":true,"href":"https:\/\/www.newsrecorder.ro\/app\/wp-json\/wp\/v2\/media\/16502"}],"wp:attachment":[{"href":"https:\/\/www.newsrecorder.ro\/app\/wp-json\/wp\/v2\/media?parent=16501"}],"wp:term":[{"taxonomy":"category","embeddable":true,"href":"https:\/\/www.newsrecorder.ro\/app\/wp-json\/wp\/v2\/categories?post=16501"},{"taxonomy":"post_tag","embeddable":true,"href":"https:\/\/www.newsrecorder.ro\/app\/wp-json\/wp\/v2\/tags?post=16501"}],"curies":[{"name":"wp","href":"https:\/\/api.w.org\/{rel}","templated":true}]}}