{"id":16503,"date":"2026-04-28T20:08:24","date_gmt":"2026-04-28T20:08:24","guid":{"rendered":"https:\/\/www.newsrecorder.ro\/app\/2026\/04\/28\/miruta-psd-nu-poate-sustine-aur-si-sa-se-disocieze-de-ei\/"},"modified":"2026-04-28T20:08:24","modified_gmt":"2026-04-28T20:08:24","slug":"miruta-psd-nu-poate-sustine-aur-si-sa-se-disocieze-de-ei","status":"publish","type":"post","link":"https:\/\/www.newsrecorder.ro\/app\/2026\/04\/28\/miruta-psd-nu-poate-sustine-aur-si-sa-se-disocieze-de-ei\/","title":{"rendered":"Miru\u021b\u0103: \u201ePSD nu poate sus\u021bine AUR \u0219i s\u0103 se disocieze de ei!\u201d"},"content":{"rendered":"<p style=\"text-align: left\">\u201eNu po\u021bi merge \u0219i \u00een car \u0219i \u00een c\u0103ru\u021b\u0103. PSD nu poate afirma c\u0103 sprijin\u0103 mo\u021biunea cu AUR, dar c\u0103 nu are leg\u0103tur\u0103 cu AUR. Mo\u021biunea este, de fapt, problema lor\u201d, a declarat Miru\u021b\u0103 mar\u021bi, \u00een cadrul unei interven\u021bii la Euronews Rom\u00e2nia.<\/p>\n<p style=\"text-align: left\">Criticile la adresa PSD au fost accentuate de ministrul, care sus\u021bine c\u0103 asocierea dintre Partidul Social Democrat \u0219i Alian\u021ba pentru Unirea Rom\u00e2nilor este evident\u0103 prin semnarea \u0219i sus\u021binerea mo\u021biunii de cenzur\u0103. \u201eNu po\u021bi s\u0103 afirmi c\u0103 semnezi o mo\u021biune cu AUR, dar s\u0103 nu ai o ac\u021biune comun\u0103 cu ei. Acesta este cel mai oficial demers comun, votul unei mo\u021biuni \u00eempotriva unui guvern\u201d, a explicat Miru\u021b\u0103.<\/p>\n<p style=\"text-align: left\">Mai mult, el a ad\u0103ugat c\u0103 PSD pare s\u0103 emit\u0103 simultan dou\u0103 mesaje contradictorii: pe de o parte, se prezint\u0103 ca un partid pro-european, iar pe de alt\u0103 parte, ac\u021bioneaz\u0103 politic al\u0103turi de AUR.<\/p>\n<p style=\"text-align: left\">\u00cen ceea ce prive\u0219te posibilele scenarii pentru o nou\u0103 formul\u0103 de guvernare, Miru\u021b\u0103 a respins ideea ca PSD s\u0103 preia conducerea \u00een cadrul acelea\u0219i coali\u021bii, subliniind c\u0103 o astfel de decizie nu este exclusiv \u00een m\u00e2inile social-democra\u021bilor. \u201ePSD poate decide s\u0103 depun\u0103 mo\u021biune cu AUR sau s\u0103 refuze sprijinul pentru Bolojan, dar nu poate decide \u00een locul USR \u0219i, sper eu, nici \u00een locul PNL\u201d, a declarat el.<\/p>\n<p style=\"text-align: left\">Ministrul este convins c\u0103 actuala coali\u021bie a func\u021bionat, chiar dac\u0103 cu dificult\u0103\u021bi: \u201eMergea, cu chiu cu vai, mai cu fr\u00e2na de m\u00e2n\u0103 tras\u0103, spre o \u021bint\u0103\u201d.<\/p>\n<p style=\"text-align: left\">\u00cen cadrul discu\u021biei, Miru\u021b\u0103 a adus \u00een aten\u021bie \u0219i risipirea resurselor statului, pe care o coreleaz\u0103 cu interesele din companiile de stat, unde, conform afirma\u021biilor sale, nu s-au realizat reforme semnificative. \u201eNu dorim s\u0103 reducem consiliile de administra\u021bie sau s\u0103 elimin\u0103m contractele ineficiente, iar apoi ne pl\u00e2ngem c\u0103 nu sunt fonduri suficiente\u201d, a subliniat ministrul, referindu-se \u00een special la PSD.<\/p>\n<p style=\"text-align: left\">El consider\u0103 c\u0103 resursele publice sunt risipite \u00eentr-un \u201ecircuit subteran\u201d, \u00een timp ce Guvernul justific\u0103 necesitatea cre\u0219terii impozitelor.<\/p>\n<p style=\"text-align: left\">\u00cen ceea ce prive\u0219te ideea unui guvern tehnocrat, Miru\u021b\u0103 s-a ar\u0103tat sceptic. El a avertizat c\u0103 lipsa unei leg\u0103turi directe cu aleg\u0103torii ar putea diminua responsabilitatea politic\u0103. \u201eUn premier tehnocrat poate fi extrem de bine preg\u0103tit, dar trebuie s\u0103 existe o responsabilitate public\u0103. Dac\u0103 nu are un contract prin vot cu aleg\u0103torii, nu va sim\u021bi aceea\u0219i presiune\u201d, a concluzionat el.<\/p>\n","protected":false},"excerpt":{"rendered":"<p>\u201eNu po\u021bi merge \u0219i \u00een car \u0219i \u00een c\u0103ru\u021b\u0103. PSD nu poate afirma c\u0103 sprijin\u0103 mo\u021biunea cu AUR, dar c\u0103 nu are leg\u0103tur\u0103 cu AUR. Mo\u021biunea este, de fapt, problema lor\u201d, a declarat Miru\u021b\u0103 mar\u021bi, \u00een cadrul unei interven\u021bii la Euronews Rom\u00e2nia. Criticile la adresa PSD au fost accentuate de ministrul, care sus\u021bine c\u0103 asocierea [&hellip;]<\/p>\n","protected":false},"author":2,"featured_media":16504,"comment_status":"open","ping_status":"open","sticky":false,"template":"","format":"standard","meta":{"jnews-multi-image_gallery":[],"jnews_single_post":[],"jnews_primary_category":[],"jnews_override_counter":[],"footnotes":""},"categories":[42],"tags":[4946,1916,1958,697,526,2401,5871,300],"class_list":["post-16503","post","type-post","status-publish","format-standard","has-post-thumbnail","hentry","category-politica","tag-alianta","tag-aur","tag-cenzura","tag-critici","tag-guvernare","tag-motiune","tag-politici","tag-psd"],"_links":{"self":[{"href":"https:\/\/www.newsrecorder.ro\/app\/wp-json\/wp\/v2\/posts\/16503","targetHints":{"allow":["GET"]}}],"collection":[{"href":"https:\/\/www.newsrecorder.ro\/app\/wp-json\/wp\/v2\/posts"}],"about":[{"href":"https:\/\/www.newsrecorder.ro\/app\/wp-json\/wp\/v2\/types\/post"}],"author":[{"embeddable":true,"href":"https:\/\/www.newsrecorder.ro\/app\/wp-json\/wp\/v2\/users\/2"}],"replies":[{"embeddable":true,"href":"https:\/\/www.newsrecorder.ro\/app\/wp-json\/wp\/v2\/comments?post=16503"}],"version-history":[{"count":0,"href":"https:\/\/www.newsrecorder.ro\/app\/wp-json\/wp\/v2\/posts\/16503\/revisions"}],"wp:featuredmedia":[{"embeddable":true,"href":"https:\/\/www.newsrecorder.ro\/app\/wp-json\/wp\/v2\/media\/16504"}],"wp:attachment":[{"href":"https:\/\/www.newsrecorder.ro\/app\/wp-json\/wp\/v2\/media?parent=16503"}],"wp:term":[{"taxonomy":"category","embeddable":true,"href":"https:\/\/www.newsrecorder.ro\/app\/wp-json\/wp\/v2\/categories?post=16503"},{"taxonomy":"post_tag","embeddable":true,"href":"https:\/\/www.newsrecorder.ro\/app\/wp-json\/wp\/v2\/tags?post=16503"}],"curies":[{"name":"wp","href":"https:\/\/api.w.org\/{rel}","templated":true}]}}