{"id":16505,"date":"2026-04-28T20:08:39","date_gmt":"2026-04-28T20:08:39","guid":{"rendered":"https:\/\/www.newsrecorder.ro\/app\/2026\/04\/28\/miruta-ce-a-oferit-psd-aur-ului-pentru-a-evita-guvernarea\/"},"modified":"2026-04-28T20:08:39","modified_gmt":"2026-04-28T20:08:39","slug":"miruta-ce-a-oferit-psd-aur-ului-pentru-a-evita-guvernarea","status":"publish","type":"post","link":"https:\/\/www.newsrecorder.ro\/app\/2026\/04\/28\/miruta-ce-a-oferit-psd-aur-ului-pentru-a-evita-guvernarea\/","title":{"rendered":"Miru\u021b\u0103: Ce a oferit PSD AUR-ului pentru a evita guvernarea?"},"content":{"rendered":"<p>Radu Miru\u021b\u0103 a exprimat opinia c\u0103 exist\u0103 o probabilitate semnificativ\u0103 ca mo\u021biunea de cenzur\u0103 s\u0103 fie adoptat\u0103 \u00een cadrul votului. Totu\u0219i, exist\u0103 \u0219i o \u00eentrebare crucial\u0103 care r\u0103m\u00e2ne f\u0103r\u0103 r\u0103spuns.<\/p>\n<p>\u201eVoturile se vor exprima la momentul potrivit \u0219i este posibil ca unii s\u0103-\u0219i schimbe opinia. Prima \u0219ans\u0103 pentru aceast\u0103 mo\u021biune este s\u0103 treac\u0103. Nu g\u0103sesc explica\u021bia pentru decizia PSD de a colabora cu AUR, av\u00e2nd \u00een vedere c\u0103 AUR \u00eei ajut\u0103 s\u0103 dep\u0103\u0219easc\u0103 aceast\u0103 etap\u0103 f\u0103r\u0103 a intra ulterior la guvernare. PSD nu este un partid de binefaceri \u00een politica rom\u00e2neasc\u0103. \u00cen \u00eencercarea lor de a-l \u00eenlocui pe premierul Ilie Bolojan, sunt convins c\u0103 au fost dispu\u0219i s\u0103 pl\u0103teasc\u0103 orice pre\u021b politic, \u00eens\u0103 nu m\u0103 refer la alte metode. Dac\u0103 afirmi c\u0103 nu vei colabora cu AUR \u00een guvernare, atunci ce r\u0103m\u00e2ne \u00een urma acestei decizii? Eforturile lor pentru o coali\u021bie pro-european\u0103 cu un alt premier sunt evidente. Ce anume le-a oferit AUR? L-au g\u0103sit pe acesta un &#8216;idiot util&#8217; \u00een Parlament pentru a-\u0219i atinge obiectivele? Cu siguran\u021b\u0103 exist\u0103 o \u00een\u021belegere, iar acest lucru \u00eencepe s\u0103 m\u0103 \u00eengrijoreze\u201d, a declarat Miru\u021b\u0103 \u00eentr-un interviu pentru Euronews.<\/p>\n<p>Radu Miru\u021b\u0103 a subliniat, de asemenea, c\u0103 a observat \u00een Parlament comportamente din partea AUR care contest\u0103 direc\u021bia european\u0103 a Rom\u00e2niei. De asemenea, a remarcat contradic\u021bii \u00een r\u00e2ndul unor lideri politici care, de\u0219i nu \u00ee\u0219i trimit copiii la \u0219coal\u0103 \u00een Moscova \u0219i nu efectueaz\u0103 vizite \u00een Rusia, promit c\u0103 Rom\u00e2nia ar trebui s\u0103 se \u00eendrepte spre Federa\u021bia Rus\u0103.<\/p>\n","protected":false},"excerpt":{"rendered":"<p>Radu Miru\u021b\u0103 a exprimat opinia c\u0103 exist\u0103 o probabilitate semnificativ\u0103 ca mo\u021biunea de cenzur\u0103 s\u0103 fie adoptat\u0103 \u00een cadrul votului. Totu\u0219i, exist\u0103 \u0219i o \u00eentrebare crucial\u0103 care r\u0103m\u00e2ne f\u0103r\u0103 r\u0103spuns. \u201eVoturile se vor exprima la momentul potrivit \u0219i este posibil ca unii s\u0103-\u0219i schimbe opinia. Prima \u0219ans\u0103 pentru aceast\u0103 mo\u021biune este s\u0103 treac\u0103. Nu g\u0103sesc [&hellip;]<\/p>\n","protected":false},"author":2,"featured_media":16506,"comment_status":"open","ping_status":"open","sticky":false,"template":"","format":"standard","meta":{"jnews-multi-image_gallery":[],"jnews_single_post":[],"jnews_primary_category":[],"jnews_override_counter":[],"footnotes":""},"categories":[42],"tags":[1916,16559,186,302,12212,4107,300,2466],"class_list":["post-16505","post","type-post","status-publish","format-standard","has-post-thumbnail","hentry","category-politica","tag-aur","tag-coalitie-pro-europeana","tag-decizie","tag-ilie-bolojan","tag-motiune-de-cenzura","tag-politica-romaneasca","tag-psd","tag-voturi"],"_links":{"self":[{"href":"https:\/\/www.newsrecorder.ro\/app\/wp-json\/wp\/v2\/posts\/16505","targetHints":{"allow":["GET"]}}],"collection":[{"href":"https:\/\/www.newsrecorder.ro\/app\/wp-json\/wp\/v2\/posts"}],"about":[{"href":"https:\/\/www.newsrecorder.ro\/app\/wp-json\/wp\/v2\/types\/post"}],"author":[{"embeddable":true,"href":"https:\/\/www.newsrecorder.ro\/app\/wp-json\/wp\/v2\/users\/2"}],"replies":[{"embeddable":true,"href":"https:\/\/www.newsrecorder.ro\/app\/wp-json\/wp\/v2\/comments?post=16505"}],"version-history":[{"count":0,"href":"https:\/\/www.newsrecorder.ro\/app\/wp-json\/wp\/v2\/posts\/16505\/revisions"}],"wp:featuredmedia":[{"embeddable":true,"href":"https:\/\/www.newsrecorder.ro\/app\/wp-json\/wp\/v2\/media\/16506"}],"wp:attachment":[{"href":"https:\/\/www.newsrecorder.ro\/app\/wp-json\/wp\/v2\/media?parent=16505"}],"wp:term":[{"taxonomy":"category","embeddable":true,"href":"https:\/\/www.newsrecorder.ro\/app\/wp-json\/wp\/v2\/categories?post=16505"},{"taxonomy":"post_tag","embeddable":true,"href":"https:\/\/www.newsrecorder.ro\/app\/wp-json\/wp\/v2\/tags?post=16505"}],"curies":[{"name":"wp","href":"https:\/\/api.w.org\/{rel}","templated":true}]}}