{"id":16509,"date":"2026-04-28T20:09:12","date_gmt":"2026-04-28T20:09:12","guid":{"rendered":"https:\/\/www.newsrecorder.ro\/app\/2026\/04\/28\/nicusor-dan-romania-ramane-pro-europeana-fara-aur-la-guvernare\/"},"modified":"2026-04-28T20:09:12","modified_gmt":"2026-04-28T20:09:12","slug":"nicusor-dan-romania-ramane-pro-europeana-fara-aur-la-guvernare","status":"publish","type":"post","link":"https:\/\/www.newsrecorder.ro\/app\/2026\/04\/28\/nicusor-dan-romania-ramane-pro-europeana-fara-aur-la-guvernare\/","title":{"rendered":"Nicu\u0219or Dan: \u201eRom\u00e2nia r\u0103m\u00e2ne pro-european\u0103, f\u0103r\u0103 AUR la guvernare!\u201d"},"content":{"rendered":"<p style=\"text-align: left\">\u00cen cadrul Summit-ului I3M desf\u0103\u0219urat la Dubrovnik, pre\u0219edintele Rom\u00e2niei, Nicu\u0219or Dan, a discutat despre posibile alian\u021be politice \u0219i direc\u021bia pro-european\u0103 a \u021b\u0103rii. Summit-ul I3M reprezint\u0103 o ini\u021biativ\u0103 de cooperare regional\u0103 \u00eentre statele din Uniunea European\u0103 din Europa Central\u0103 \u0219i de Est.<\/p>\n<p style=\"text-align: left\">Referindu-se la o posibil\u0103 colaborare \u00eentre PSD \u0219i AUR, \u00een contextul \u00een care Sorin Grindeanu ar fi avut \u00eent\u00e2lniri cu George Simion, pre\u0219edintele a subliniat c\u0103 evaluarea trebuie realizat\u0103 la nivel institu\u021bional, nu personal. \u201eCred c\u0103 noi discut\u0103m despre rela\u021bii institu\u021bionale, nu despre rela\u021bii personale. Institu\u021bional, fac o evaluare. Este un pas pozitiv c\u0103 au votat ast\u0103zi pentru programul SAFE. Evaluarea mea se extinde pe parcursul acestor luni, \u00een toate direc\u021biile\u201d, a afirmat Nicu\u0219or Dan.<\/p>\n<p style=\"text-align: left\">\u00cen ceea ce prive\u0219te men\u021binerea parcursului european al Rom\u00e2niei, \u00een contextul crizei politice \u0219i al \u00eengrijor\u0103rilor sociale \u0219i financiare, pre\u0219edintele a men\u021bionat angajamentele partidelor politice. \u201eAvem, \u00een primul r\u00e2nd, declara\u021bia partidelor. Niciunul dintre partidele pro-europene nu a afirmat c\u0103 \u00ee\u0219i dore\u0219te s\u0103 formeze un guvern \u00eempreun\u0103 cu for\u021bele antioccidentale AUR. De asemenea, \u00een scenariul \u00een care va fi necesar s\u0103 numesc un prim-ministru, m\u0103 voi asigura c\u0103 acest lucru nu se va \u00eent\u00e2mpla\u201d, a concluzionat Nicu\u0219or Dan.<\/p>\n","protected":false},"excerpt":{"rendered":"<p>\u00cen cadrul Summit-ului I3M desf\u0103\u0219urat la Dubrovnik, pre\u0219edintele Rom\u00e2niei, Nicu\u0219or Dan, a discutat despre posibile alian\u021be politice \u0219i direc\u021bia pro-european\u0103 a \u021b\u0103rii. Summit-ul I3M reprezint\u0103 o ini\u021biativ\u0103 de cooperare regional\u0103 \u00eentre statele din Uniunea European\u0103 din Europa Central\u0103 \u0219i de Est. Referindu-se la o posibil\u0103 colaborare \u00eentre PSD \u0219i AUR, \u00een contextul \u00een care Sorin [&hellip;]<\/p>\n","protected":false},"author":2,"featured_media":16510,"comment_status":"open","ping_status":"open","sticky":false,"template":"","format":"standard","meta":{"jnews-multi-image_gallery":[],"jnews_single_post":[],"jnews_primary_category":[],"jnews_override_counter":[],"footnotes":""},"categories":[42],"tags":[14659,1916,10000,18776,286,300,149,18775],"class_list":["post-16509","post","type-post","status-publish","format-standard","has-post-thumbnail","hentry","category-politica","tag-aliante-politice","tag-aur","tag-cooperare-regionala","tag-directie-pro-europeana","tag-nicusor-dan","tag-psd","tag-romania","tag-summit-i3m"],"_links":{"self":[{"href":"https:\/\/www.newsrecorder.ro\/app\/wp-json\/wp\/v2\/posts\/16509","targetHints":{"allow":["GET"]}}],"collection":[{"href":"https:\/\/www.newsrecorder.ro\/app\/wp-json\/wp\/v2\/posts"}],"about":[{"href":"https:\/\/www.newsrecorder.ro\/app\/wp-json\/wp\/v2\/types\/post"}],"author":[{"embeddable":true,"href":"https:\/\/www.newsrecorder.ro\/app\/wp-json\/wp\/v2\/users\/2"}],"replies":[{"embeddable":true,"href":"https:\/\/www.newsrecorder.ro\/app\/wp-json\/wp\/v2\/comments?post=16509"}],"version-history":[{"count":0,"href":"https:\/\/www.newsrecorder.ro\/app\/wp-json\/wp\/v2\/posts\/16509\/revisions"}],"wp:featuredmedia":[{"embeddable":true,"href":"https:\/\/www.newsrecorder.ro\/app\/wp-json\/wp\/v2\/media\/16510"}],"wp:attachment":[{"href":"https:\/\/www.newsrecorder.ro\/app\/wp-json\/wp\/v2\/media?parent=16509"}],"wp:term":[{"taxonomy":"category","embeddable":true,"href":"https:\/\/www.newsrecorder.ro\/app\/wp-json\/wp\/v2\/categories?post=16509"},{"taxonomy":"post_tag","embeddable":true,"href":"https:\/\/www.newsrecorder.ro\/app\/wp-json\/wp\/v2\/tags?post=16509"}],"curies":[{"name":"wp","href":"https:\/\/api.w.org\/{rel}","templated":true}]}}