{"id":16511,"date":"2026-04-28T20:09:29","date_gmt":"2026-04-28T20:09:29","guid":{"rendered":"https:\/\/www.newsrecorder.ro\/app\/2026\/04\/28\/nicusor-dan-dezvaluie-planurile-pentru-alegerile-anticipate\/"},"modified":"2026-04-28T20:09:29","modified_gmt":"2026-04-28T20:09:29","slug":"nicusor-dan-dezvaluie-planurile-pentru-alegerile-anticipate","status":"publish","type":"post","link":"https:\/\/www.newsrecorder.ro\/app\/2026\/04\/28\/nicusor-dan-dezvaluie-planurile-pentru-alegerile-anticipate\/","title":{"rendered":"\u201eNicu\u0219or Dan dezv\u0103luie planurile pentru alegerile anticipate!\u201d"},"content":{"rendered":"<p><strong><a href=\"https:\/\/www.mediafax.ro\/stirile-zilei\/ce-face-nicusor-dan-la-summitul-initiativei-celor-trei-mari-din-dubrovnik-fara-bilaterala-cu-gazda-croata-23727384\" style=\"color: #0000ff\">Pre\u0219edintele Nicu\u0219or Dan a abordat subiectul alegerilor anticipate<\/a><\/strong> \u00een cadrul summitului ini\u021biativei celor trei m\u0103ri, desf\u0103\u0219urat la Dubrovnik. El a subliniat c\u0103, de\u0219i se discut\u0103 mult despre posibilele scenarii, acestea erau deja cunoscute de la \u00eenceput, ad\u0103ug\u00e2nd c\u0103 este \u201eextrem de improbabil\u201d ca o criz\u0103 politic\u0103 s\u0103 se \u00eencheie cu alegeri anticipate, deoarece \u201enicio criz\u0103 nu s-a terminat \u00een anticipate\u201d \u0219i c\u0103 acest lucru nu ar trebui s\u0103 fie luat \u00een considerare.<\/p>\n<p>\u00cen continuare, Nicu\u0219or Dan a men\u021bionat c\u0103 mar\u021bi au avut loc dou\u0103 evenimente importante: depunerea unei mo\u021biuni de cenzur\u0103 \u0219i aprobarea a 9 miliarde de euro pentru programul SAFE. El a afirmat c\u0103 mo\u021biunea era un \u201cscenariu a\u0219teptat\u201d \u0219i a salutat direc\u021bia proeuropean\u0103 a proiectului, care va intra \u00een procedura de contractare la Ministerul Ap\u0103r\u0103rii Na\u021bionale. \u201eAm avut votul de azi care se datoreaz\u0103 discu\u021biei de alalt\u0103ieri\u201d, a explicat pre\u0219edintele.<\/p>\n<p>Nicu\u0219or Dan a f\u0103cut referire \u0219i la Ilie Bolojan, descriindu-l ca o persoan\u0103 respectabil\u0103 \u0219i \u201efoarte serioas\u0103\u201d. Totodat\u0103, el a observat un \u201esplit al celor dou\u0103 direc\u021bii proeuropene\u201d, men\u021bion\u00e2nd c\u0103, \u00een cazul mo\u021biunii, aceasta reprezint\u0103 un act administrativ \u0219i c\u0103 \u00ee\u0219i p\u0103streaz\u0103 echidistan\u021ba fa\u021b\u0103 de situa\u021bie.<\/p>\n<p>Pre\u0219edintele a exprimat opinia c\u0103 este \u201eextrem de improbabil\u201d ca PSD s\u0103 formeze un guvern \u00eempreun\u0103 cu AUR, a\u0219a cum a afirmat \u0219i pre\u0219edintele PSD, subliniind c\u0103 trebuie s\u0103 le lu\u0103m \u00een serios declara\u021biile. \u00cen concluzie, Nicu\u0219or Dan a discutat despre contextul politic din Rom\u00e2nia, mai ales \u00een urma depunerii mo\u021biunii de cenzur\u0103 de c\u0103tre PSD \u0219i AUR \u00eempotriva Guvernului Bolojan.<\/p>\n","protected":false},"excerpt":{"rendered":"<p>Pre\u0219edintele Nicu\u0219or Dan a abordat subiectul alegerilor anticipate \u00een cadrul summitului ini\u021biativei celor trei m\u0103ri, desf\u0103\u0219urat la Dubrovnik. El a subliniat c\u0103, de\u0219i se discut\u0103 mult despre posibilele scenarii, acestea erau deja cunoscute de la \u00eenceput, ad\u0103ug\u00e2nd c\u0103 este \u201eextrem de improbabil\u201d ca o criz\u0103 politic\u0103 s\u0103 se \u00eencheie cu alegeri anticipate, deoarece \u201enicio criz\u0103 [&hellip;]<\/p>\n","protected":false},"author":2,"featured_media":16512,"comment_status":"open","ping_status":"open","sticky":false,"template":"","format":"standard","meta":{"jnews-multi-image_gallery":[],"jnews_single_post":[],"jnews_primary_category":[],"jnews_override_counter":[],"footnotes":""},"categories":[42],"tags":[438,4576,18777,18672,5795,12212,4046,4403],"class_list":["post-16511","post","type-post","status-publish","format-standard","has-post-thumbnail","hentry","category-politica","tag-alegeri-anticipate","tag-criza-politica","tag-directie-proeuropeana","tag-dubrovnik","tag-ministerul-apararii-nationale","tag-motiune-de-cenzura","tag-program-safe","tag-summit"],"_links":{"self":[{"href":"https:\/\/www.newsrecorder.ro\/app\/wp-json\/wp\/v2\/posts\/16511","targetHints":{"allow":["GET"]}}],"collection":[{"href":"https:\/\/www.newsrecorder.ro\/app\/wp-json\/wp\/v2\/posts"}],"about":[{"href":"https:\/\/www.newsrecorder.ro\/app\/wp-json\/wp\/v2\/types\/post"}],"author":[{"embeddable":true,"href":"https:\/\/www.newsrecorder.ro\/app\/wp-json\/wp\/v2\/users\/2"}],"replies":[{"embeddable":true,"href":"https:\/\/www.newsrecorder.ro\/app\/wp-json\/wp\/v2\/comments?post=16511"}],"version-history":[{"count":0,"href":"https:\/\/www.newsrecorder.ro\/app\/wp-json\/wp\/v2\/posts\/16511\/revisions"}],"wp:featuredmedia":[{"embeddable":true,"href":"https:\/\/www.newsrecorder.ro\/app\/wp-json\/wp\/v2\/media\/16512"}],"wp:attachment":[{"href":"https:\/\/www.newsrecorder.ro\/app\/wp-json\/wp\/v2\/media?parent=16511"}],"wp:term":[{"taxonomy":"category","embeddable":true,"href":"https:\/\/www.newsrecorder.ro\/app\/wp-json\/wp\/v2\/categories?post=16511"},{"taxonomy":"post_tag","embeddable":true,"href":"https:\/\/www.newsrecorder.ro\/app\/wp-json\/wp\/v2\/tags?post=16511"}],"curies":[{"name":"wp","href":"https:\/\/api.w.org\/{rel}","templated":true}]}}